{"id":1003,"date":"2026-06-04T13:09:06","date_gmt":"2026-06-04T13:09:06","guid":{"rendered":"https:\/\/panoramace.com.br\/?p=1003"},"modified":"2026-06-27T13:22:27","modified_gmt":"2026-06-27T13:22:27","slug":"junho-ambiental-2026-ceara-mobiliza-161-municipios-em-campanha-de-educacao-ambiental","status":"publish","type":"post","link":"https:\/\/panoramace.com.br\/?p=1003","title":{"rendered":"Junho Ambiental 2026: Cear\u00e1 mobiliza 161 munic\u00edpios em campanha de educa\u00e7\u00e3o ambiental"},"content":{"rendered":"\n<p class=\"wp-block-paragraph\">O programa <strong>Quest\u00e3o de Ordem<\/strong>, da <strong>Alece TV (canal 31.1)<\/strong>, debateu nesta quinta-feira (04\/06) a campanha <strong>&#8220;Junho Ambiental \u2014 Cear\u00e1 Mais Verde e Sustent\u00e1vel&#8221;<\/strong>, do Governo do Cear\u00e1. O convidado foi <strong>S\u00e9rgio Augusto Carvalho do Mota<\/strong>, educador ambiental da <strong>Secretaria do Meio Ambiente e Mudan\u00e7a do Clima (Sema)<\/strong>.<\/p>\n\n\n\n<h4 class=\"wp-block-heading\">O que \u00e9 o Junho Ambiental no Cear\u00e1?<\/h4>\n\n\n\n<p class=\"wp-block-paragraph\">O <strong>Junho Ambiental<\/strong> \u00e9 uma campanha mensal do Governo do Cear\u00e1 que busca engajar a sociedade em pr\u00e1ticas de preserva\u00e7\u00e3o ambiental e conserva\u00e7\u00e3o da natureza. Em 2026, a iniciativa envolve:<\/p>\n\n\n\n<ul class=\"wp-block-list\">\n<li><strong>161 munic\u00edpios<\/strong> cearenses<\/li>\n\n\n\n<li><strong>32 Unidades de Conserva\u00e7\u00e3o (UCs)<\/strong><\/li>\n\n\n\n<li><strong>13 escolas p\u00fablicas estaduais<\/strong><\/li>\n<\/ul>\n\n\n\n<p class=\"wp-block-paragraph\">Entre as atividades previstas est\u00e3o palestras, semin\u00e1rios, trilhas ecol\u00f3gicas, cinema itinerante, distribui\u00e7\u00e3o de mudas, arboriza\u00e7\u00e3o urbana, oficinas e concursos culturais.<\/p>\n\n\n\n<h4 class=\"wp-block-heading\">Destaques da programa\u00e7\u00e3o do Junho Ambiental 2026<\/h4>\n\n\n\n<p class=\"wp-block-paragraph\">A edi\u00e7\u00e3o deste ano tamb\u00e9m prev\u00ea a entrega da <strong>Medalha Ambientalista Joaquim Feitosa<\/strong>, a certifica\u00e7\u00e3o do <strong>Selo Munic\u00edpio Verde<\/strong> para 56 cidades cearenses, e a assinatura de termos de ades\u00e3o ao <strong>Programa Coleta Seletiva Solid\u00e1ria<\/strong>.<\/p>\n\n\n\n<h4 class=\"wp-block-heading\">Onde assistir ao Quest\u00e3o de Ordem?<\/h4>\n\n\n\n<p class=\"wp-block-paragraph\">O programa vai ao ar de ter\u00e7a a sexta-feira, \u00e0s <strong>19h30<\/strong>, pelo canal 31.1 (Alece TV), com reprise \u00e0s 7h do dia seguinte. Tamb\u00e9m \u00e9 transmitido pela <strong>Alece FM (96,7 MHz)<\/strong> e dispon\u00edvel no <strong>YouTube da Alece TV<\/strong> e na plataforma <strong>Alece Play<\/strong>.<\/p>\n\n\n\n<h4 class=\"wp-block-heading\">Perguntas frequentes<\/h4>\n\n\n\n<p class=\"wp-block-paragraph\"><strong>Quando come\u00e7a o Junho Ambiental 2026 no Cear\u00e1?<\/strong><br>A campanha teve in\u00edcio em 31 de maio de 2026, no Parque Estadual do Coc\u00f3, em Fortaleza.<\/p>\n\n\n\n<p class=\"wp-block-paragraph\"><strong>Quantos munic\u00edpios participam do Junho Ambiental 2026?<\/strong><br>S\u00e3o 161 munic\u00edpios cearenses envolvidos na programa\u00e7\u00e3o.<\/p>\n\n\n\n<hr class=\"wp-block-separator has-alpha-channel-opacity\"\/>\n\n\n\n<blockquote class=\"wp-block-quote is-layout-flow wp-block-quote-is-layout-flow\">\n<p class=\"wp-block-paragraph\">\ud83d\udccc <em>Fonte: <a href=\"https:\/\/www.al.ce.gov.br\/noticias\/53314-campanha-junho-ambiental-e-tema-do-questao-de-ordem-desta-quinta-feira\">Assembleia Legislativa do Estado do Cear\u00e1 (Alece)<\/a> \u2014 Publicado em 04\/06\/2026.<\/em><\/p>\n<\/blockquote>\n","protected":false},"excerpt":{"rendered":"<p>O programa Quest\u00e3o de Ordem, da Alece TV (canal 31.1), debateu nesta quinta-feira (04\/06) a campanha &#8220;Junho Ambiental \u2014 Cear\u00e1 Mais Verde e Sustent\u00e1vel&#8221;, do Governo do Cear\u00e1. O convidado&hellip;<\/p>\n","protected":false},"author":3,"featured_media":1004,"comment_status":"open","ping_status":"open","sticky":false,"template":"","format":"standard","meta":{"footnotes":""},"categories":[9],"tags":[],"class_list":["post-1003","post","type-post","status-publish","format-standard","has-post-thumbnail","hentry","category-destaque"],"_links":{"self":[{"href":"https:\/\/panoramace.com.br\/index.php?rest_route=\/wp\/v2\/posts\/1003","targetHints":{"allow":["GET"]}}],"collection":[{"href":"https:\/\/panoramace.com.br\/index.php?rest_route=\/wp\/v2\/posts"}],"about":[{"href":"https:\/\/panoramace.com.br\/index.php?rest_route=\/wp\/v2\/types\/post"}],"author":[{"embeddable":true,"href":"https:\/\/panoramace.com.br\/index.php?rest_route=\/wp\/v2\/users\/3"}],"replies":[{"embeddable":true,"href":"https:\/\/panoramace.com.br\/index.php?rest_route=%2Fwp%2Fv2%2Fcomments&post=1003"}],"version-history":[{"count":1,"href":"https:\/\/panoramace.com.br\/index.php?rest_route=\/wp\/v2\/posts\/1003\/revisions"}],"predecessor-version":[{"id":1005,"href":"https:\/\/panoramace.com.br\/index.php?rest_route=\/wp\/v2\/posts\/1003\/revisions\/1005"}],"wp:featuredmedia":[{"embeddable":true,"href":"https:\/\/panoramace.com.br\/index.php?rest_route=\/wp\/v2\/media\/1004"}],"wp:attachment":[{"href":"https:\/\/panoramace.com.br\/index.php?rest_route=%2Fwp%2Fv2%2Fmedia&parent=1003"}],"wp:term":[{"taxonomy":"category","embeddable":true,"href":"https:\/\/panoramace.com.br\/index.php?rest_route=%2Fwp%2Fv2%2Fcategories&post=1003"},{"taxonomy":"post_tag","embeddable":true,"href":"https:\/\/panoramace.com.br\/index.php?rest_route=%2Fwp%2Fv2%2Ftags&post=1003"}],"curies":[{"name":"wp","href":"https:\/\/api.w.org\/{rel}","templated":true}]}}