{"id":1006,"date":"2026-06-13T13:10:25","date_gmt":"2026-06-13T13:10:25","guid":{"rendered":"https:\/\/panoramace.com.br\/?p=1006"},"modified":"2026-06-27T14:18:10","modified_gmt":"2026-06-27T14:18:10","slug":"alcance-enem-2026-12o-aulao-gratuito-acontece-no-anexo-ii-da-alece","status":"publish","type":"post","link":"https:\/\/panoramace.com.br\/?p=1006","title":{"rendered":"Alcance Enem 2026: 12\u00ba aul\u00e3o gratuito acontece no Anexo II da Alece"},"content":{"rendered":"\n<p class=\"wp-block-paragraph\">O <strong>Programa Alcance<\/strong>, iniciativa da <strong>Assembleia Legislativa do Estado do Cear\u00e1 (Alece)<\/strong>, realizou o <strong>12\u00ba aul\u00e3o de prepara\u00e7\u00e3o para o Enem<\/strong> neste s\u00e1bado (13\/06), com entrada gratuita para todos os estudantes interessados.<\/p>\n\n\n\n<h4 class=\"wp-block-heading\">Detalhes do evento<\/h4>\n\n\n\n<ul class=\"wp-block-list\">\n<li><strong>Data:<\/strong> 13 de junho de 2026 (s\u00e1bado)<\/li>\n\n\n\n<li><strong>Hor\u00e1rio:<\/strong> 8h \u00e0s 12h10<\/li>\n\n\n\n<li><strong>Local:<\/strong> Sede do Programa Alcance \u2014 Anexo II da Alece, em Fortaleza<\/li>\n\n\n\n<li><strong>Entrada:<\/strong> gratuita<\/li>\n<\/ul>\n\n\n\n<h4 class=\"wp-block-heading\">O que \u00e9 o Programa Alcance?<\/h4>\n\n\n\n<p class=\"wp-block-paragraph\">O <strong>Programa Alcance<\/strong> \u00e9 uma iniciativa gratuita da Assembleia Legislativa do Cear\u00e1 voltada \u00e0 prepara\u00e7\u00e3o de estudantes de escolas p\u00fablicas para o <strong>Exame Nacional do Ensino M\u00e9dio (Enem)<\/strong> e vestibulares. Os aul\u00f5es re\u00fanem professores das principais \u00e1reas do conhecimento cobradas na prova, com foco em Matem\u00e1tica, Linguagens, Ci\u00eancias da Natureza e Ci\u00eancias Humanas.<\/p>\n\n\n\n<h4 class=\"wp-block-heading\">Por que participar dos aul\u00f5es do Alcance?<\/h4>\n\n\n\n<p class=\"wp-block-paragraph\">Os aul\u00f5es s\u00e3o uma oportunidade gratuita e acess\u00edvel de refor\u00e7ar conte\u00fados cobrados no Enem, com professores experientes e material atualizado, sem nenhum custo para o estudante.<\/p>\n\n\n\n<h4 class=\"wp-block-heading\">Perguntas frequentes<\/h4>\n\n\n\n<p class=\"wp-block-paragraph\"><strong>O aul\u00e3o do Programa Alcance \u00e9 gratuito?<\/strong><br>Sim, todos os aul\u00f5es do Programa Alcance s\u00e3o completamente gratuitos.<\/p>\n\n\n\n<p class=\"wp-block-paragraph\"><strong>Quem pode participar dos aul\u00f5es do Alcance Enem?<\/strong><br>Qualquer estudante pode participar, com prioridade para alunos da rede p\u00fablica.<\/p>\n\n\n\n<hr class=\"wp-block-separator has-alpha-channel-opacity\"\/>\n\n\n\n<blockquote class=\"wp-block-quote is-layout-flow wp-block-quote-is-layout-flow\">\n<p class=\"wp-block-paragraph\">\ud83d\udccc <em>Fonte: <a href=\"https:\/\/www.al.ce.gov.br\/noticias\/53392-programa-alcance-realiza-12o-aulao-de-preparacao-para-o-enem-neste-sabado\">Assembleia Legislativa do Estado do Cear\u00e1 (Alece)<\/a> \u2014 Publicado em 13\/06\/2026.<\/em><\/p>\n<\/blockquote>\n","protected":false},"excerpt":{"rendered":"<p>O Programa Alcance, iniciativa da Assembleia Legislativa do Estado do Cear\u00e1 (Alece), realizou o 12\u00ba aul\u00e3o de prepara\u00e7\u00e3o para o Enem neste s\u00e1bado (13\/06), com entrada gratuita para todos os&hellip;<\/p>\n","protected":false},"author":3,"featured_media":1007,"comment_status":"open","ping_status":"open","sticky":false,"template":"","format":"standard","meta":{"footnotes":""},"categories":[9],"tags":[115],"class_list":["post-1006","post","type-post","status-publish","format-standard","has-post-thumbnail","hentry","category-destaque","tag-enem"],"_links":{"self":[{"href":"https:\/\/panoramace.com.br\/index.php?rest_route=\/wp\/v2\/posts\/1006","targetHints":{"allow":["GET"]}}],"collection":[{"href":"https:\/\/panoramace.com.br\/index.php?rest_route=\/wp\/v2\/posts"}],"about":[{"href":"https:\/\/panoramace.com.br\/index.php?rest_route=\/wp\/v2\/types\/post"}],"author":[{"embeddable":true,"href":"https:\/\/panoramace.com.br\/index.php?rest_route=\/wp\/v2\/users\/3"}],"replies":[{"embeddable":true,"href":"https:\/\/panoramace.com.br\/index.php?rest_route=%2Fwp%2Fv2%2Fcomments&post=1006"}],"version-history":[{"count":1,"href":"https:\/\/panoramace.com.br\/index.php?rest_route=\/wp\/v2\/posts\/1006\/revisions"}],"predecessor-version":[{"id":1008,"href":"https:\/\/panoramace.com.br\/index.php?rest_route=\/wp\/v2\/posts\/1006\/revisions\/1008"}],"wp:featuredmedia":[{"embeddable":true,"href":"https:\/\/panoramace.com.br\/index.php?rest_route=\/wp\/v2\/media\/1007"}],"wp:attachment":[{"href":"https:\/\/panoramace.com.br\/index.php?rest_route=%2Fwp%2Fv2%2Fmedia&parent=1006"}],"wp:term":[{"taxonomy":"category","embeddable":true,"href":"https:\/\/panoramace.com.br\/index.php?rest_route=%2Fwp%2Fv2%2Fcategories&post=1006"},{"taxonomy":"post_tag","embeddable":true,"href":"https:\/\/panoramace.com.br\/index.php?rest_route=%2Fwp%2Fv2%2Ftags&post=1006"}],"curies":[{"name":"wp","href":"https:\/\/api.w.org\/{rel}","templated":true}]}}