{"id":1009,"date":"2026-06-15T13:13:11","date_gmt":"2026-06-15T13:13:11","guid":{"rendered":"https:\/\/panoramace.com.br\/?p=1009"},"modified":"2026-06-27T14:18:05","modified_gmt":"2026-06-27T14:18:05","slug":"junho-violeta-alece-alerta-para-violencia-contra-a-pessoa-idosa-e-promove-saude-integral","status":"publish","type":"post","link":"https:\/\/panoramace.com.br\/?p=1009","title":{"rendered":"Junho Violeta: Alece alerta para viol\u00eancia contra a pessoa idosa e promove sa\u00fade integral"},"content":{"rendered":"\n<p class=\"wp-block-paragraph\">Em alus\u00e3o ao <strong>Dia Mundial de Conscientiza\u00e7\u00e3o da Viol\u00eancia contra a Pessoa Idosa<\/strong>, celebrado em <strong>15 de junho<\/strong>, a <strong>Assembleia Legislativa do Estado do Cear\u00e1 (Alece)<\/strong> destacou a import\u00e2ncia do <strong>Servi\u00e7o de Aten\u00e7\u00e3o ao Adulto e \u00e0 Pessoa Idosa (Sapi)<\/strong>, iniciativa que promove sa\u00fade integral e bem-estar para idosos ao longo do ano.<\/p>\n\n\n\n<h4 class=\"wp-block-heading\">O que \u00e9 o Junho Violeta?<\/h4>\n\n\n\n<p class=\"wp-block-paragraph\">O <strong>Junho Violeta<\/strong> \u00e9 uma campanha global de conscientiza\u00e7\u00e3o contra a viol\u00eancia que atinge a popula\u00e7\u00e3o idosa, que ocorre frequentemente dentro do pr\u00f3prio ambiente familiar. A data foi institu\u00edda em 2006 pela Organiza\u00e7\u00e3o das Na\u00e7\u00f5es Unidas (ONU).<\/p>\n\n\n\n<h4 class=\"wp-block-heading\">O que \u00e9 o Sapi?<\/h4>\n\n\n\n<p class=\"wp-block-paragraph\">O <strong>Sapi (Servi\u00e7o de Aten\u00e7\u00e3o ao Adulto e \u00e0 Pessoa Idosa)<\/strong> \u00e9 uma iniciativa do Departamento de Sa\u00fade e Assist\u00eancia Social da Alece (DSAS) que oferece:<\/p>\n\n\n\n<ul class=\"wp-block-list\">\n<li>Atividades de conviv\u00eancia e inclus\u00e3o social<\/li>\n\n\n\n<li>Atendimento de terapia ocupacional e fisioterapia<\/li>\n\n\n\n<li>Encaminhamento para servi\u00e7os especializados quando necess\u00e1rio<\/li>\n\n\n\n<li>Suporte nutricional e de sa\u00fade<\/li>\n<\/ul>\n\n\n\n<p class=\"wp-block-paragraph\">A coordenadora do Sapi, <strong>Milene Mota<\/strong>, refor\u00e7ou que o combate \u00e0 viol\u00eancia contra o idoso \u00e9 responsabilidade de toda a sociedade: &#8220;Se voc\u00ea conhece algum idoso que sofre viol\u00eancia, \u00e9 sua obriga\u00e7\u00e3o denunciar.&#8221;<\/p>\n\n\n\n<h4 class=\"wp-block-heading\">Como denunciar viol\u00eancia contra idosos?<\/h4>\n\n\n\n<p class=\"wp-block-paragraph\">Em caso de suspeita ou confirma\u00e7\u00e3o de viol\u00eancia contra a pessoa idosa, ligue para o <strong>Disque 100<\/strong> (Direitos Humanos) ou acione o <strong>Corpo de Bombeiros (193)<\/strong> e a <strong>Pol\u00edcia Militar (190)<\/strong>.<\/p>\n\n\n\n<h4 class=\"wp-block-heading\">Perguntas frequentes<\/h4>\n\n\n\n<p class=\"wp-block-paragraph\"><strong>O que \u00e9 o Dia Mundial de Conscientiza\u00e7\u00e3o da Viol\u00eancia contra a Pessoa Idosa?<\/strong><br>\u00c9 uma data estabelecida pela ONU em 2006, celebrada em 15 de junho, para alertar a sociedade sobre os diferentes tipos de viol\u00eancia sofridos por idosos.<\/p>\n\n\n\n<p class=\"wp-block-paragraph\"><strong>O Sapi \u00e9 aberto ao p\u00fablico?<\/strong><br>O Sapi \u00e9 um servi\u00e7o vinculado \u00e0 Alece, voltado ao atendimento de adultos e idosos com atividades regulares ao longo do ano.<\/p>\n\n\n\n<hr class=\"wp-block-separator has-alpha-channel-opacity\"\/>\n\n\n\n<blockquote class=\"wp-block-quote is-layout-flow wp-block-quote-is-layout-flow\">\n<p class=\"wp-block-paragraph\">\ud83d\udccc <em>Fonte: <a href=\"https:\/\/portaldoservidor.al.ce.gov.br\/noticias\/alece-destaca-dia-mundial-de-conscientizacao-da-violencia-contra-a-pessoa-idosa\">Assembleia Legislativa do Estado do Cear\u00e1 (Alece) \u2014 Portal do Servidor<\/a> \u2014 Publicado em 15\/06\/2026.<\/em><\/p>\n<\/blockquote>\n","protected":false},"excerpt":{"rendered":"<p>Em alus\u00e3o ao Dia Mundial de Conscientiza\u00e7\u00e3o da Viol\u00eancia contra a Pessoa Idosa, celebrado em 15 de junho, a Assembleia Legislativa do Estado do Cear\u00e1 (Alece) destacou a import\u00e2ncia do&hellip;<\/p>\n","protected":false},"author":3,"featured_media":1010,"comment_status":"open","ping_status":"open","sticky":false,"template":"","format":"standard","meta":{"footnotes":""},"categories":[9],"tags":[],"class_list":["post-1009","post","type-post","status-publish","format-standard","has-post-thumbnail","hentry","category-destaque"],"_links":{"self":[{"href":"https:\/\/panoramace.com.br\/index.php?rest_route=\/wp\/v2\/posts\/1009","targetHints":{"allow":["GET"]}}],"collection":[{"href":"https:\/\/panoramace.com.br\/index.php?rest_route=\/wp\/v2\/posts"}],"about":[{"href":"https:\/\/panoramace.com.br\/index.php?rest_route=\/wp\/v2\/types\/post"}],"author":[{"embeddable":true,"href":"https:\/\/panoramace.com.br\/index.php?rest_route=\/wp\/v2\/users\/3"}],"replies":[{"embeddable":true,"href":"https:\/\/panoramace.com.br\/index.php?rest_route=%2Fwp%2Fv2%2Fcomments&post=1009"}],"version-history":[{"count":1,"href":"https:\/\/panoramace.com.br\/index.php?rest_route=\/wp\/v2\/posts\/1009\/revisions"}],"predecessor-version":[{"id":1011,"href":"https:\/\/panoramace.com.br\/index.php?rest_route=\/wp\/v2\/posts\/1009\/revisions\/1011"}],"wp:featuredmedia":[{"embeddable":true,"href":"https:\/\/panoramace.com.br\/index.php?rest_route=\/wp\/v2\/media\/1010"}],"wp:attachment":[{"href":"https:\/\/panoramace.com.br\/index.php?rest_route=%2Fwp%2Fv2%2Fmedia&parent=1009"}],"wp:term":[{"taxonomy":"category","embeddable":true,"href":"https:\/\/panoramace.com.br\/index.php?rest_route=%2Fwp%2Fv2%2Fcategories&post=1009"},{"taxonomy":"post_tag","embeddable":true,"href":"https:\/\/panoramace.com.br\/index.php?rest_route=%2Fwp%2Fv2%2Ftags&post=1009"}],"curies":[{"name":"wp","href":"https:\/\/api.w.org\/{rel}","templated":true}]}}