{"id":1012,"date":"2026-06-05T13:20:12","date_gmt":"2026-06-05T13:20:12","guid":{"rendered":"https:\/\/panoramace.com.br\/?p=1012"},"modified":"2026-06-27T13:22:20","modified_gmt":"2026-06-27T13:22:20","slug":"purple-drink-alece-fm-debate-riscos-de-bebida-sedativa-usada-por-adolescentes","status":"publish","type":"post","link":"https:\/\/panoramace.com.br\/?p=1012","title":{"rendered":"Purple Drink: Alece FM debate riscos de bebida sedativa usada por adolescentes"},"content":{"rendered":"\n<p class=\"wp-block-paragraph\">O <strong>Conex\u00e3o Alece<\/strong>, programa multiplataforma da <strong>Alece FM (96,7 MHz)<\/strong>, recebeu o m\u00e9dico especialista em <strong>Medicina Interna, Bruno Cavalcante<\/strong>, para debater os riscos do <strong>&#8220;Purple Drink&#8221;<\/strong> entre adolescentes \u2014 uma combina\u00e7\u00e3o perigosa de medicamentos e outras subst\u00e2ncias que produz efeito sedativo.<\/p>\n\n\n\n<h4 class=\"wp-block-heading\">O que \u00e9 o Purple Drink?<\/h4>\n\n\n\n<p class=\"wp-block-paragraph\">O <strong>Purple Drink<\/strong> (tamb\u00e9m chamado de &#8220;lean&#8221; ou &#8220;sizzurp&#8221;) \u00e9 uma bebida de cor roxa que combina xaropes com code\u00edna, refrigerante e outros ingredientes. Apesar de ser percebido pelos jovens como algo &#8220;menos perigoso&#8221;, o uso pode causar:<\/p>\n\n\n\n<ul class=\"wp-block-list\">\n<li>Depress\u00e3o do sistema nervoso central<\/li>\n\n\n\n<li>Risco de overdose e parada respirat\u00f3ria<\/li>\n\n\n\n<li>Depend\u00eancia qu\u00edmica<\/li>\n\n\n\n<li>\u00d3bito em casos graves<\/li>\n<\/ul>\n\n\n\n<h4 class=\"wp-block-heading\">Por que os adolescentes usam o Purple Drink?<\/h4>\n\n\n\n<p class=\"wp-block-paragraph\">Muitos jovens associam a bebida a um estilo de vida glamourizado em letras de m\u00fasicas e redes sociais, ignorando os riscos reais. O m\u00e9dico <strong>Bruno Cavalcante<\/strong> alertou que a combina\u00e7\u00e3o de subst\u00e2ncias pode ser fatal mesmo em pequenas doses.<\/p>\n\n\n\n<h4 class=\"wp-block-heading\">O que fazer se identificar o uso?<\/h4>\n\n\n\n<p class=\"wp-block-paragraph\">Pais, educadores e amigos devem buscar di\u00e1logo aberto com o adolescente e acionar servi\u00e7os especializados como o <strong>CAPS AD (Centro de Aten\u00e7\u00e3o Psicossocial \u2014 \u00c1lcool e Drogas)<\/strong> do munic\u00edpio. Para emerg\u00eancias, ligue <strong>192 (SAMU)<\/strong>.<\/p>\n\n\n\n<h4 class=\"wp-block-heading\">Perguntas frequentes<\/h4>\n\n\n\n<p class=\"wp-block-paragraph\"><strong>O Purple Drink \u00e9 ilegal no Brasil?<\/strong><br>A maioria dos ingredientes usados no Purple Drink inclui medicamentos de controle especial, cuja venda sem receita \u00e9 proibida no Brasil.<\/p>\n\n\n\n<p class=\"wp-block-paragraph\"><strong>Onde assistir ao Conex\u00e3o Alece?<\/strong><br>O programa est\u00e1 dispon\u00edvel no <strong>Alece Play<\/strong> (Google Play) e vai ao ar pela <strong>Alece FM (96,7 MHz)<\/strong>.<\/p>\n\n\n\n<hr class=\"wp-block-separator has-alpha-channel-opacity\"\/>\n\n\n\n<blockquote class=\"wp-block-quote is-layout-flow wp-block-quote-is-layout-flow\">\n<p class=\"wp-block-paragraph\">\ud83d\udccc <em>Fonte: <a href=\"https:\/\/www.al.ce.gov.br\/noticias\/53297-conexao-alece-faz-alerta-sobre-perigos-do-purple-drink-entre-adolescentes\">Assembleia Legislativa do Estado do Cear\u00e1 (Alece)<\/a> \u2014 Autora: Odara Creston. Publicado em 05\/06\/2026.<\/em><\/p>\n<\/blockquote>\n","protected":false},"excerpt":{"rendered":"<p>O Conex\u00e3o Alece, programa multiplataforma da Alece FM (96,7 MHz), recebeu o m\u00e9dico especialista em Medicina Interna, Bruno Cavalcante, para debater os riscos do &#8220;Purple Drink&#8221; entre adolescentes \u2014 uma&hellip;<\/p>\n","protected":false},"author":3,"featured_media":1013,"comment_status":"open","ping_status":"open","sticky":false,"template":"","format":"standard","meta":{"footnotes":""},"categories":[9],"tags":[],"class_list":["post-1012","post","type-post","status-publish","format-standard","has-post-thumbnail","hentry","category-destaque"],"_links":{"self":[{"href":"https:\/\/panoramace.com.br\/index.php?rest_route=\/wp\/v2\/posts\/1012","targetHints":{"allow":["GET"]}}],"collection":[{"href":"https:\/\/panoramace.com.br\/index.php?rest_route=\/wp\/v2\/posts"}],"about":[{"href":"https:\/\/panoramace.com.br\/index.php?rest_route=\/wp\/v2\/types\/post"}],"author":[{"embeddable":true,"href":"https:\/\/panoramace.com.br\/index.php?rest_route=\/wp\/v2\/users\/3"}],"replies":[{"embeddable":true,"href":"https:\/\/panoramace.com.br\/index.php?rest_route=%2Fwp%2Fv2%2Fcomments&post=1012"}],"version-history":[{"count":1,"href":"https:\/\/panoramace.com.br\/index.php?rest_route=\/wp\/v2\/posts\/1012\/revisions"}],"predecessor-version":[{"id":1014,"href":"https:\/\/panoramace.com.br\/index.php?rest_route=\/wp\/v2\/posts\/1012\/revisions\/1014"}],"wp:featuredmedia":[{"embeddable":true,"href":"https:\/\/panoramace.com.br\/index.php?rest_route=\/wp\/v2\/media\/1013"}],"wp:attachment":[{"href":"https:\/\/panoramace.com.br\/index.php?rest_route=%2Fwp%2Fv2%2Fmedia&parent=1012"}],"wp:term":[{"taxonomy":"category","embeddable":true,"href":"https:\/\/panoramace.com.br\/index.php?rest_route=%2Fwp%2Fv2%2Fcategories&post=1012"},{"taxonomy":"post_tag","embeddable":true,"href":"https:\/\/panoramace.com.br\/index.php?rest_route=%2Fwp%2Fv2%2Ftags&post=1012"}],"curies":[{"name":"wp","href":"https:\/\/api.w.org\/{rel}","templated":true}]}}