{"id":1015,"date":"2026-06-23T13:26:03","date_gmt":"2026-06-23T13:26:03","guid":{"rendered":"https:\/\/panoramace.com.br\/?p=1015"},"modified":"2026-06-27T14:19:03","modified_gmt":"2026-06-27T14:19:03","slug":"concurso-alece-2026-inscricoes-prorrogadas-ate-13-de-julho","status":"publish","type":"post","link":"https:\/\/panoramace.com.br\/?p=1015","title":{"rendered":"Concurso Alece 2026: inscri\u00e7\u00f5es prorrogadas at\u00e9 13 de julho"},"content":{"rendered":"\n<p class=\"wp-block-paragraph\">A <strong>Assembleia Legislativa do Estado do Cear\u00e1 (Alece)<\/strong> publicou, nesta ter\u00e7a-feira (23\/06), o <strong>edital de retifica\u00e7\u00e3o<\/strong> do concurso p\u00fablico, com a principal altera\u00e7\u00e3o sendo a <strong>prorroga\u00e7\u00e3o do prazo de inscri\u00e7\u00f5es<\/strong>, que agora seguem at\u00e9 <strong>13 de julho de 2026<\/strong> pelo site da banca organizadora, o <strong>Idecan (Instituto de Desenvolvimento Educacional, Cultural e Assistencial Nacional)<\/strong>.<\/p>\n\n\n\n<h4 class=\"wp-block-heading\">Detalhes do concurso Alece 2026<\/h4>\n\n\n\n<ul class=\"wp-block-list\">\n<li><strong>Vagas imediatas:<\/strong> 200<\/li>\n\n\n\n<li><strong>Cadastro de reserva:<\/strong> 400<\/li>\n\n\n\n<li><strong>Cargos:<\/strong> Analista Legislativo (n\u00edvel superior) e T\u00e9cnico Legislativo (n\u00edvel m\u00e9dio)<\/li>\n\n\n\n<li><strong>Sal\u00e1rios:<\/strong> de R$ 3.059,47 a R$ 6.126,48<\/li>\n\n\n\n<li><strong>Inscri\u00e7\u00f5es at\u00e9:<\/strong> 13 de julho de 2026<\/li>\n\n\n\n<li><strong>Taxa de inscri\u00e7\u00e3o:<\/strong> R$ 97,00 (T\u00e9cnico) e R$ 137,00 (Analista)<\/li>\n\n\n\n<li><strong>Provas:<\/strong> 16 de agosto de 2026<\/li>\n<\/ul>\n\n\n\n<h4 class=\"wp-block-heading\">Onde realizar a inscri\u00e7\u00e3o?<\/h4>\n\n\n\n<p class=\"wp-block-paragraph\">As inscri\u00e7\u00f5es devem ser feitas exclusivamente no site da banca <strong>Idecan (<a href=\"http:\/\/www.idecan.org.br\">www.idecan.org.br<\/a>)<\/strong>.<\/p>\n\n\n\n<h4 class=\"wp-block-heading\">Onde ser\u00e3o as provas?<\/h4>\n\n\n\n<p class=\"wp-block-paragraph\">As avalia\u00e7\u00f5es ocorrer\u00e3o em <strong>14 cidades do Cear\u00e1<\/strong>: Fortaleza, Sobral, Juazeiro do Norte, Iguatu, Quixad\u00e1, Crate\u00fas, Russas, Itapipoca, Camocim, Aracati, Tau\u00e1, Tiangu\u00e1, Baturit\u00e9 e Canind\u00e9.<\/p>\n\n\n\n<h4 class=\"wp-block-heading\">Perguntas frequentes<\/h4>\n\n\n\n<p class=\"wp-block-paragraph\"><strong>Qual \u00e9 o novo prazo de inscri\u00e7\u00e3o do concurso da Alece?<\/strong><br>As inscri\u00e7\u00f5es foram prorrogadas at\u00e9 13 de julho de 2026.<\/p>\n\n\n\n<p class=\"wp-block-paragraph\"><strong>Quando ser\u00e3o as provas do concurso Alece 2026?<\/strong><br>As provas objetiva e discursiva est\u00e3o mantidas para 16 de agosto de 2026.<\/p>\n\n\n\n<p class=\"wp-block-paragraph\"><strong>Quantas vagas tem o concurso da Alece?<\/strong><br>S\u00e3o 200 vagas imediatas e 400 para cadastro de reserva, totalizando 600 oportunidades.<\/p>\n\n\n\n<hr class=\"wp-block-separator has-alpha-channel-opacity\"\/>\n\n\n\n<blockquote class=\"wp-block-quote is-layout-flow wp-block-quote-is-layout-flow\">\n<p class=\"wp-block-paragraph\">\ud83d\udccc <em>Fonte: <a href=\"https:\/\/www.al.ce.gov.br\/noticias\/53532-alece-publica-retificacao-de-edital-e-prorroga-inscricoes-do-concurso-publico\">Assembleia Legislativa do Estado do Cear\u00e1 (Alece)<\/a> \u2014 Publicado em 23\/06\/2026.<\/em><\/p>\n<\/blockquote>\n","protected":false},"excerpt":{"rendered":"<p>A Assembleia Legislativa do Estado do Cear\u00e1 (Alece) publicou, nesta ter\u00e7a-feira (23\/06), o edital de retifica\u00e7\u00e3o do concurso p\u00fablico, com a principal altera\u00e7\u00e3o sendo a prorroga\u00e7\u00e3o do prazo de inscri\u00e7\u00f5es,&hellip;<\/p>\n","protected":false},"author":3,"featured_media":1016,"comment_status":"open","ping_status":"open","sticky":false,"template":"","format":"standard","meta":{"footnotes":""},"categories":[9],"tags":[],"class_list":["post-1015","post","type-post","status-publish","format-standard","has-post-thumbnail","hentry","category-destaque"],"_links":{"self":[{"href":"https:\/\/panoramace.com.br\/index.php?rest_route=\/wp\/v2\/posts\/1015","targetHints":{"allow":["GET"]}}],"collection":[{"href":"https:\/\/panoramace.com.br\/index.php?rest_route=\/wp\/v2\/posts"}],"about":[{"href":"https:\/\/panoramace.com.br\/index.php?rest_route=\/wp\/v2\/types\/post"}],"author":[{"embeddable":true,"href":"https:\/\/panoramace.com.br\/index.php?rest_route=\/wp\/v2\/users\/3"}],"replies":[{"embeddable":true,"href":"https:\/\/panoramace.com.br\/index.php?rest_route=%2Fwp%2Fv2%2Fcomments&post=1015"}],"version-history":[{"count":1,"href":"https:\/\/panoramace.com.br\/index.php?rest_route=\/wp\/v2\/posts\/1015\/revisions"}],"predecessor-version":[{"id":1017,"href":"https:\/\/panoramace.com.br\/index.php?rest_route=\/wp\/v2\/posts\/1015\/revisions\/1017"}],"wp:featuredmedia":[{"embeddable":true,"href":"https:\/\/panoramace.com.br\/index.php?rest_route=\/wp\/v2\/media\/1016"}],"wp:attachment":[{"href":"https:\/\/panoramace.com.br\/index.php?rest_route=%2Fwp%2Fv2%2Fmedia&parent=1015"}],"wp:term":[{"taxonomy":"category","embeddable":true,"href":"https:\/\/panoramace.com.br\/index.php?rest_route=%2Fwp%2Fv2%2Fcategories&post=1015"},{"taxonomy":"post_tag","embeddable":true,"href":"https:\/\/panoramace.com.br\/index.php?rest_route=%2Fwp%2Fv2%2Ftags&post=1015"}],"curies":[{"name":"wp","href":"https:\/\/api.w.org\/{rel}","templated":true}]}}