{"id":1018,"date":"2026-06-23T13:28:14","date_gmt":"2026-06-23T13:28:14","guid":{"rendered":"https:\/\/panoramace.com.br\/?p=1018"},"modified":"2026-06-27T14:18:57","modified_gmt":"2026-06-27T14:18:57","slug":"alece-homenageia-guardioes-da-mata-atlantica-no-ceara","status":"publish","type":"post","link":"https:\/\/panoramace.com.br\/?p=1018","title":{"rendered":"Alece homenageia guardi\u00f5es da Mata Atl\u00e2ntica no Cear\u00e1"},"content":{"rendered":"\n<p class=\"wp-block-paragraph\">A <strong>Assembleia Legislativa do Estado do Cear\u00e1 (Alece)<\/strong> realizou, na ter\u00e7a-feira (23\/06), uma <strong>sess\u00e3o solene<\/strong> para homenagear organiza\u00e7\u00f5es, cientistas, movimentos sociais e <strong>povos serranos<\/strong> que atuam na conserva\u00e7\u00e3o da <strong>Mata Atl\u00e2ntica<\/strong> no estado.<\/p>\n\n\n\n<h4 class=\"wp-block-heading\">Por que a Mata Atl\u00e2ntica importa no Cear\u00e1?<\/h4>\n\n\n\n<p class=\"wp-block-paragraph\">O Cear\u00e1 abriga remanescentes de <strong>Mata Atl\u00e2ntica<\/strong> nas serras \u00famidas, como a Chapada do Araripe, Serra de Baturit\u00e9 e outras \u00e1reas de altitude. Essas faixas s\u00e3o fundamentais para a regula\u00e7\u00e3o clim\u00e1tica, abastecimento de \u00e1gua e biodiversidade do estado.<\/p>\n\n\n\n<h4 class=\"wp-block-heading\">O que foi a sess\u00e3o solene?<\/h4>\n\n\n\n<p class=\"wp-block-paragraph\">A cerim\u00f4nia na Alece reconheceu formalmente o trabalho de entidades, pesquisadores e comunidades tradicionais que contribuem para a manuten\u00e7\u00e3o e recupera\u00e7\u00e3o dos fragmentos florestais cearenses, alinhando-se com o calend\u00e1rio do <strong>Junho Ambiental 2026<\/strong>.<\/p>\n\n\n\n<h4 class=\"wp-block-heading\">Detalhes do evento<\/h4>\n\n\n\n<ul class=\"wp-block-list\">\n<li><strong>Data:<\/strong> 23 de junho de 2026 (ter\u00e7a-feira)<\/li>\n\n\n\n<li><strong>Hor\u00e1rio:<\/strong> 16 horas<\/li>\n\n\n\n<li><strong>Local:<\/strong> Plen\u00e1rio da Assembleia Legislativa do Cear\u00e1<\/li>\n<\/ul>\n\n\n\n<h4 class=\"wp-block-heading\">Perguntas frequentes<\/h4>\n\n\n\n<p class=\"wp-block-paragraph\"><strong>O Cear\u00e1 tem Mata Atl\u00e2ntica?<\/strong><br>Sim. O Cear\u00e1 possui fragmentos de Mata Atl\u00e2ntica nas regi\u00f5es serranas \u00famidas, consideradas ilhas de biodiversidade no semi\u00e1rido.<\/p>\n\n\n\n<p class=\"wp-block-paragraph\"><strong>O que foram os homenageados na sess\u00e3o?<\/strong><br>Foram reconhecidos organiza\u00e7\u00f5es ambientais, cientistas, movimentos sociais e povos tradicionais serranos que atuam na preserva\u00e7\u00e3o da Mata Atl\u00e2ntica cearense.<\/p>\n\n\n\n<hr class=\"wp-block-separator has-alpha-channel-opacity\"\/>\n\n\n\n<blockquote class=\"wp-block-quote is-layout-flow wp-block-quote-is-layout-flow\">\n<p class=\"wp-block-paragraph\">\ud83d\udccc <em>Fonte: <a href=\"https:\/\/www.al.ce.gov.br\/noticias\/53406-alece-homenageia-atuacoes-em-defesa-da-mata-atlantica-no-ceara\">Assembleia Legislativa do Estado do Cear\u00e1 (Alece)<\/a> \u2014 Publicado em 23\/06\/2026.<\/em><\/p>\n<\/blockquote>\n","protected":false},"excerpt":{"rendered":"<p>A Assembleia Legislativa do Estado do Cear\u00e1 (Alece) realizou, na ter\u00e7a-feira (23\/06), uma sess\u00e3o solene para homenagear organiza\u00e7\u00f5es, cientistas, movimentos sociais e povos serranos que atuam na conserva\u00e7\u00e3o da Mata&hellip;<\/p>\n","protected":false},"author":3,"featured_media":1019,"comment_status":"open","ping_status":"open","sticky":false,"template":"","format":"standard","meta":{"footnotes":""},"categories":[9],"tags":[],"class_list":["post-1018","post","type-post","status-publish","format-standard","has-post-thumbnail","hentry","category-destaque"],"_links":{"self":[{"href":"https:\/\/panoramace.com.br\/index.php?rest_route=\/wp\/v2\/posts\/1018","targetHints":{"allow":["GET"]}}],"collection":[{"href":"https:\/\/panoramace.com.br\/index.php?rest_route=\/wp\/v2\/posts"}],"about":[{"href":"https:\/\/panoramace.com.br\/index.php?rest_route=\/wp\/v2\/types\/post"}],"author":[{"embeddable":true,"href":"https:\/\/panoramace.com.br\/index.php?rest_route=\/wp\/v2\/users\/3"}],"replies":[{"embeddable":true,"href":"https:\/\/panoramace.com.br\/index.php?rest_route=%2Fwp%2Fv2%2Fcomments&post=1018"}],"version-history":[{"count":1,"href":"https:\/\/panoramace.com.br\/index.php?rest_route=\/wp\/v2\/posts\/1018\/revisions"}],"predecessor-version":[{"id":1020,"href":"https:\/\/panoramace.com.br\/index.php?rest_route=\/wp\/v2\/posts\/1018\/revisions\/1020"}],"wp:featuredmedia":[{"embeddable":true,"href":"https:\/\/panoramace.com.br\/index.php?rest_route=\/wp\/v2\/media\/1019"}],"wp:attachment":[{"href":"https:\/\/panoramace.com.br\/index.php?rest_route=%2Fwp%2Fv2%2Fmedia&parent=1018"}],"wp:term":[{"taxonomy":"category","embeddable":true,"href":"https:\/\/panoramace.com.br\/index.php?rest_route=%2Fwp%2Fv2%2Fcategories&post=1018"},{"taxonomy":"post_tag","embeddable":true,"href":"https:\/\/panoramace.com.br\/index.php?rest_route=%2Fwp%2Fv2%2Ftags&post=1018"}],"curies":[{"name":"wp","href":"https:\/\/api.w.org\/{rel}","templated":true}]}}