{"id":1021,"date":"2026-06-27T13:30:50","date_gmt":"2026-06-27T13:30:50","guid":{"rendered":"https:\/\/panoramace.com.br\/?p=1021"},"modified":"2026-06-27T14:20:11","modified_gmt":"2026-06-27T14:20:11","slug":"alcance-enem-14o-aulao-gratuito-com-edicao-especial-de-saude-neste-sabado-27-06","status":"publish","type":"post","link":"https:\/\/panoramace.com.br\/?p=1021","title":{"rendered":"Alcance Enem: 14\u00ba aul\u00e3o gratuito com edi\u00e7\u00e3o especial de sa\u00fade neste s\u00e1bado (27\/06)"},"content":{"rendered":"\n<p class=\"wp-block-paragraph\">O <strong>Programa Alcance<\/strong>, iniciativa gratuita da <strong>Assembleia Legislativa do Estado do Cear\u00e1 (Alece)<\/strong>, promove neste s\u00e1bado (27\/06) o <strong>14\u00ba Aul\u00e3o do Alcance Enem 2026<\/strong> combinado com uma <strong>edi\u00e7\u00e3o especial do Alcance Mais Sa\u00fade<\/strong>.<\/p>\n\n\n\n<h4 class=\"wp-block-heading\">Detalhes do evento<\/h4>\n\n\n\n<ul class=\"wp-block-list\">\n<li><strong>Data:<\/strong> 27 de junho de 2026 (s\u00e1bado)<\/li>\n\n\n\n<li><strong>Hor\u00e1rio:<\/strong> 7h \u00e0s 12h15<\/li>\n\n\n\n<li><strong>Local:<\/strong> Anexo II da Alece \u2014 Rua Barbosa de Freitas, 2.674, Fortaleza<\/li>\n\n\n\n<li><strong>Entrada:<\/strong> totalmente gratuita<\/li>\n<\/ul>\n\n\n\n<h4 class=\"wp-block-heading\">O que ser\u00e1 abordado no aul\u00e3o?<\/h4>\n\n\n\n<p class=\"wp-block-paragraph\">Os estudantes ter\u00e3o acesso \u00e0s principais \u00e1reas de conhecimento cobradas no Enem:<\/p>\n\n\n\n<ul class=\"wp-block-list\">\n<li><strong>Matem\u00e1tica e suas Tecnologias<\/strong> \u2014 Prof. Domingos S\u00e1vio<\/li>\n\n\n\n<li><strong>Ci\u00eancias da Natureza<\/strong> \u2014 Prof. Francisco Wilson (&#8220;Propaga\u00e7\u00e3o de Calor&#8221;)<\/li>\n\n\n\n<li><strong>Linguagens e C\u00f3digos<\/strong> \u2014 Prof. Jo\u00e3o Dion\u00edsio (&#8220;Introdu\u00e7\u00e3o x Desenvolvimento: Como Estruturar&#8221;)<\/li>\n\n\n\n<li><strong>Ci\u00eancias Humanas<\/strong> \u2014 Prof. Hedilton Moreira (&#8220;Forma\u00e7\u00e3o do Relevo&#8221;)<\/li>\n<\/ul>\n\n\n\n<h4 class=\"wp-block-heading\">O que \u00e9 o Alcance Mais Sa\u00fade?<\/h4>\n\n\n\n<p class=\"wp-block-paragraph\">O <strong>Alcance Mais Sa\u00fade<\/strong> \u00e9 uma a\u00e7\u00e3o complementar ao programa de prepara\u00e7\u00e3o para o Enem que oferece servi\u00e7os e orienta\u00e7\u00f5es de sa\u00fade aos estudantes participantes, promovendo bem-estar integral.<\/p>\n\n\n\n<h4 class=\"wp-block-heading\">Perguntas frequentes<\/h4>\n\n\n\n<p class=\"wp-block-paragraph\"><strong>O 14\u00ba aul\u00e3o do Alcance Enem \u00e9 gratuito?<\/strong><br>Sim, a participa\u00e7\u00e3o \u00e9 completamente gratuita.<\/p>\n\n\n\n<p class=\"wp-block-paragraph\"><strong>Como saber mais sobre o Programa Alcance?<\/strong><br>Mais informa\u00e7\u00f5es est\u00e3o dispon\u00edveis pelo WhatsApp divulgado pela Alece ou diretamente no Anexo II da Assembleia Legislativa do Cear\u00e1.<\/p>\n\n\n\n<hr class=\"wp-block-separator has-alpha-channel-opacity\"\/>\n\n\n\n<blockquote class=\"wp-block-quote is-layout-flow wp-block-quote-is-layout-flow\">\n<p class=\"wp-block-paragraph\">\ud83d\udccc <em>Fonte: <a href=\"https:\/\/www.al.ce.gov.br\/noticias\/53567-alece-promove-14o-aulao-do-alcance-enem-e-edicao-especial-do-alcance-mais-saude\">Assembleia Legislativa do Estado do Cear\u00e1 (Alece)<\/a> \u2014 Publicado em 27\/06\/2026.<\/em><\/p>\n<\/blockquote>\n","protected":false},"excerpt":{"rendered":"<p>O Programa Alcance, iniciativa gratuita da Assembleia Legislativa do Estado do Cear\u00e1 (Alece), promove neste s\u00e1bado (27\/06) o 14\u00ba Aul\u00e3o do Alcance Enem 2026 combinado com uma edi\u00e7\u00e3o especial do&hellip;<\/p>\n","protected":false},"author":3,"featured_media":1023,"comment_status":"open","ping_status":"open","sticky":false,"template":"","format":"standard","meta":{"footnotes":""},"categories":[9],"tags":[160,115],"class_list":["post-1021","post","type-post","status-publish","format-standard","has-post-thumbnail","hentry","category-destaque","tag-alece","tag-enem"],"_links":{"self":[{"href":"https:\/\/panoramace.com.br\/index.php?rest_route=\/wp\/v2\/posts\/1021","targetHints":{"allow":["GET"]}}],"collection":[{"href":"https:\/\/panoramace.com.br\/index.php?rest_route=\/wp\/v2\/posts"}],"about":[{"href":"https:\/\/panoramace.com.br\/index.php?rest_route=\/wp\/v2\/types\/post"}],"author":[{"embeddable":true,"href":"https:\/\/panoramace.com.br\/index.php?rest_route=\/wp\/v2\/users\/3"}],"replies":[{"embeddable":true,"href":"https:\/\/panoramace.com.br\/index.php?rest_route=%2Fwp%2Fv2%2Fcomments&post=1021"}],"version-history":[{"count":1,"href":"https:\/\/panoramace.com.br\/index.php?rest_route=\/wp\/v2\/posts\/1021\/revisions"}],"predecessor-version":[{"id":1024,"href":"https:\/\/panoramace.com.br\/index.php?rest_route=\/wp\/v2\/posts\/1021\/revisions\/1024"}],"wp:featuredmedia":[{"embeddable":true,"href":"https:\/\/panoramace.com.br\/index.php?rest_route=\/wp\/v2\/media\/1023"}],"wp:attachment":[{"href":"https:\/\/panoramace.com.br\/index.php?rest_route=%2Fwp%2Fv2%2Fmedia&parent=1021"}],"wp:term":[{"taxonomy":"category","embeddable":true,"href":"https:\/\/panoramace.com.br\/index.php?rest_route=%2Fwp%2Fv2%2Fcategories&post=1021"},{"taxonomy":"post_tag","embeddable":true,"href":"https:\/\/panoramace.com.br\/index.php?rest_route=%2Fwp%2Fv2%2Ftags&post=1021"}],"curies":[{"name":"wp","href":"https:\/\/api.w.org\/{rel}","templated":true}]}}