{"id":493,"date":"2024-03-02T10:09:00","date_gmt":"2024-03-02T10:09:00","guid":{"rendered":"https:\/\/panoramace.com.br\/?p=493"},"modified":"2024-03-05T15:07:54","modified_gmt":"2024-03-05T15:07:54","slug":"sisu-2024-mec-publica-resultado-da-primeira-chamada","status":"publish","type":"post","link":"https:\/\/panoramace.com.br\/?p=493","title":{"rendered":"Sisu 2024: MEC publica resultado da primeira chamada"},"content":{"rendered":"\n<p class=\"wp-block-paragraph\">O Minist\u00e9rio da Educa\u00e7\u00e3o (<strong>MEC<\/strong>) divulgou, na tarde desta quarta-feira (31), o resultado definitivo dos selecionados na primeira chamada do processo seletivo de 2024 do <strong>Sistema de Sele\u00e7\u00e3o Unificada (Sisu).<img decoding=\"async\" src=\"https:\/\/agenciabrasil.ebc.com.br\/ebc.png?id=1578696&amp;o=node\"><img decoding=\"async\" src=\"https:\/\/agenciabrasil.ebc.com.br\/ebc.gif?id=1578696&amp;o=node\"><\/strong><\/p>\n\n\n\n<p class=\"wp-block-paragraph\">A divulga\u00e7\u00e3o estava prevista para ter\u00e7a-feira (30), mas foi adiada,&nbsp;<a href=\"https:\/\/agenciabrasil.ebc.com.br\/educacao\/noticia\/2024-01\/mec-adia-divulgacao-do-resultado-do-sisu-para-quarta-feira-31\" target=\"_blank\" rel=\"noreferrer noopener\">devido a problemas t\u00e9cnicos<\/a>. As informa\u00e7\u00f5es podem ser consultadas no&nbsp;<a href=\"https:\/\/acessounico.mec.gov.br\/sisu\" target=\"_blank\" rel=\"noreferrer noopener\">Portal \u00danico de Acesso ao Ensino Superior<\/a>&nbsp;do Sisu.<\/p>\n\n\n\n<p class=\"wp-block-paragraph\">De acordo com o MEC, o processo seletivo de 2024 do Sisu recebeu<strong> 1.271.301 de inscri\u00e7\u00f5e<\/strong>s, o que corresponde a 57,6% do n\u00famero de candidatos aptos para essa edi\u00e7\u00e3o do programa (2.209.175). Essa foi a maior taxa de participa\u00e7\u00e3o dos \u00faltimos sete anos.<\/p>\n\n\n\n<p class=\"wp-block-paragraph\">Nesta edi\u00e7\u00e3o, o processo seletivo disponibilizou 264.181 vagas para o primeiro e o segundo semestres de 2024, em 6.827 cursos de gradua\u00e7\u00e3o, de 127 institui\u00e7\u00f5es de educa\u00e7\u00e3o superior, que aderiram ao programa.<\/p>\n\n\n\n<p class=\"wp-block-paragraph\">Do total de vagas, 53,6% s\u00e3o destinadas a a\u00e7\u00f5es afirmativas, previstas na Lei de Cotas, que trata do acesso \u00e0 educa\u00e7\u00e3o superior de estudantes pretos, pardos, ind\u00edgenas e quilombolas, de pessoas com defici\u00eancia, bem como daqueles que tenham cursado integralmente o ensino m\u00e9dio em escolas p\u00fablicas.<\/p>\n\n\n\n<h2 class=\"wp-block-heading\">Matr\u00edculas<\/h2>\n\n\n\n<p class=\"wp-block-paragraph\">Quem for selecionado na primeira chamada do Sisu deve fazer matr\u00edcula ou registro acad\u00eamico na institui\u00e7\u00e3o no per\u00edodo de 1\u00ba a 7 de fevereiro, no mesmo Portal \u00danico de acesso ao sistema.<\/p>\n\n\n\n<p class=\"wp-block-paragraph\">O MEC alerta que \u00e9 de responsabilidade do candidato observar os procedimentos e a documenta\u00e7\u00e3o necess\u00e1rios para matr\u00edcula, bem como se atentar para os dias, hor\u00e1rios e locais de atendimento definidos em edital pr\u00f3prio, de cada institui\u00e7\u00e3o.<\/p>\n\n\n\n<p class=\"wp-block-paragraph\">O edital prev\u00ea tamb\u00e9m que a universidade ou faculdade deve oferecer acesso gratuito \u00e0 internet para a inscri\u00e7\u00e3o, nos dias e hor\u00e1rios de funcionamento regular da institui\u00e7\u00e3o.<\/p>\n\n\n\n<p class=\"wp-block-paragraph\">E n\u00e3o podem ser cobradas quaisquer taxas relativas ao processo seletivo, pelas institui\u00e7\u00f5es de ensino.<\/p>\n\n\n\n<h2 class=\"wp-block-heading\">Lista de espera<\/h2>\n\n\n\n<p class=\"wp-block-paragraph\">Quem n\u00e3o for selecionado nesta etapa, pode manifestar interesse pela lista de espera por vagas vindas da desist\u00eancia dos selecionados na primeira chamada, a partir desta quarta-feira (31) at\u00e9 7 de fevereiro.<\/p>\n\n\n\n<p class=\"wp-block-paragraph\">A participa\u00e7\u00e3o na lista de espera tamb\u00e9m ocorre na p\u00e1gina do Sisu no portal Acesso \u00danico. &nbsp;<\/p>\n\n\n\n<p class=\"wp-block-paragraph\">Em 2024, houve somente uma etapa de inscri\u00e7\u00e3o. Com isso, a lista de espera poder\u00e1 ser utilizada durante todo o ano, pelas institui\u00e7\u00f5es p\u00fablicas de educa\u00e7\u00e3o superior participantes, para preencher as vagas eventualmente n\u00e3o ocupadas na chamada regular.<\/p>\n\n\n\n<p class=\"wp-block-paragraph\">De acordo com o cronograma do Sisu 2024, a convoca\u00e7\u00e3o dos candidatos em lista de espera pelas institui\u00e7\u00f5es de ensino superior ocorrer\u00e1 em 16 de fevereiro.<\/p>\n","protected":false},"excerpt":{"rendered":"<p>O Minist\u00e9rio da Educa\u00e7\u00e3o (MEC) divulgou, na tarde desta quarta-feira (31), o resultado definitivo dos selecionados na primeira chamada do processo seletivo de 2024 do Sistema de Sele\u00e7\u00e3o Unificada (Sisu).&hellip;<\/p>\n","protected":false},"author":1,"featured_media":494,"comment_status":"open","ping_status":"open","sticky":false,"template":"","format":"standard","meta":{"footnotes":""},"categories":[4,9,3],"tags":[26],"class_list":["post-493","post","type-post","status-publish","format-standard","has-post-thumbnail","hentry","category-cotidiano","category-destaque","category-politica","tag-governo-federal"],"_links":{"self":[{"href":"https:\/\/panoramace.com.br\/index.php?rest_route=\/wp\/v2\/posts\/493","targetHints":{"allow":["GET"]}}],"collection":[{"href":"https:\/\/panoramace.com.br\/index.php?rest_route=\/wp\/v2\/posts"}],"about":[{"href":"https:\/\/panoramace.com.br\/index.php?rest_route=\/wp\/v2\/types\/post"}],"author":[{"embeddable":true,"href":"https:\/\/panoramace.com.br\/index.php?rest_route=\/wp\/v2\/users\/1"}],"replies":[{"embeddable":true,"href":"https:\/\/panoramace.com.br\/index.php?rest_route=%2Fwp%2Fv2%2Fcomments&post=493"}],"version-history":[{"count":1,"href":"https:\/\/panoramace.com.br\/index.php?rest_route=\/wp\/v2\/posts\/493\/revisions"}],"predecessor-version":[{"id":495,"href":"https:\/\/panoramace.com.br\/index.php?rest_route=\/wp\/v2\/posts\/493\/revisions\/495"}],"wp:featuredmedia":[{"embeddable":true,"href":"https:\/\/panoramace.com.br\/index.php?rest_route=\/wp\/v2\/media\/494"}],"wp:attachment":[{"href":"https:\/\/panoramace.com.br\/index.php?rest_route=%2Fwp%2Fv2%2Fmedia&parent=493"}],"wp:term":[{"taxonomy":"category","embeddable":true,"href":"https:\/\/panoramace.com.br\/index.php?rest_route=%2Fwp%2Fv2%2Fcategories&post=493"},{"taxonomy":"post_tag","embeddable":true,"href":"https:\/\/panoramace.com.br\/index.php?rest_route=%2Fwp%2Fv2%2Ftags&post=493"}],"curies":[{"name":"wp","href":"https:\/\/api.w.org\/{rel}","templated":true}]}}