{"id":545,"date":"2024-03-05T16:47:09","date_gmt":"2024-03-05T16:47:09","guid":{"rendered":"https:\/\/panoramace.com.br\/?p=545"},"modified":"2024-03-05T16:47:10","modified_gmt":"2024-03-05T16:47:10","slug":"edificio-sao-pedro-sera-demolido-imediatamente-decide-prefeitura-de-fortaleza","status":"publish","type":"post","link":"https:\/\/panoramace.com.br\/?p=545","title":{"rendered":"Edif\u00edcio S\u00e3o Pedro ser\u00e1 demolido &#8216;imediatamente&#8217;, decide Prefeitura de Fortaleza"},"content":{"rendered":"\n<p class=\"wp-block-paragraph\">O Edif\u00edcio S\u00e3o Pedro, pr\u00e9dio hist\u00f3rico de Fortaleza localizado na <strong>Praia de Iracema<\/strong>, ser\u00e1 demolido por estar em <strong>&#8220;situa\u00e7\u00e3o prec\u00e1ria e risco de desmoronamento&#8221;<\/strong>, conforme anunciou o prefeito Jos\u00e9 Sarto. A obra vai durar <strong>cerca de 90 dias<\/strong> e acontecer\u00e1 por etapas.<\/p>\n\n\n\n<p class=\"wp-block-paragraph\">Conforme Jos\u00e9 Sarto, o im\u00f3vel j\u00e1 foi desocupado e as pessoas em situa\u00e7\u00e3o de rua est\u00e3o sendo acompanhadas pela nossa <strong>Secret\u00e1ria de Direitos Humanos e Desenvolvimento Social (SDHDS).<\/strong> Equipes da Guarda Municipal j\u00e1 est\u00e3o no local para garantir o isolamento do pr\u00e9dio.<\/p>\n\n\n\n<p class=\"wp-block-paragraph\">O edif\u00edcio foi <strong>isolado na semana passada<\/strong>, por conta de obras no bairro. &#8220;Os laudos t\u00e9cnicos indicam n\u00e3o ser mais poss\u00edvel a recupera\u00e7\u00e3o. Enquanto isso, o im\u00f3vel vem sendo depredado e acessado por quem desconhece ou ignora a inseguran\u00e7a. Lamentavelmente, uma pessoa j\u00e1 morreu ali.&#8221;, escreveu, ainda, Sarto.<\/p>\n\n\n\n<p class=\"wp-block-paragraph\">&#8220;Diante da <strong>falta de interven\u00e7\u00f5es<\/strong> por parte dos propriet\u00e1rios e do decreto do <strong>Governo do Estado <\/strong>revogando a declara\u00e7\u00e3o de interesse p\u00fablico do im\u00f3vel, a situa\u00e7\u00e3o exige provid\u00eancias, sob pena de colocar mais vidas em risco. Por todas essas raz\u00f5es, a Prefeitura tomou a decis\u00e3o de fazer <strong>imediatamente<\/strong>, por conta pr\u00f3pria, a demoli\u00e7\u00e3o do pr\u00e9dio e cobrar dos propriet\u00e1rios o ressarcimento pelos custos desse servi\u00e7o&#8221;, disse Sarto.<\/p>\n","protected":false},"excerpt":{"rendered":"<p>O Edif\u00edcio S\u00e3o Pedro, pr\u00e9dio hist\u00f3rico de Fortaleza localizado na Praia de Iracema, ser\u00e1 demolido por estar em &#8220;situa\u00e7\u00e3o prec\u00e1ria e risco de desmoronamento&#8221;, conforme anunciou o prefeito Jos\u00e9 Sarto.&hellip;<\/p>\n","protected":false},"author":1,"featured_media":546,"comment_status":"open","ping_status":"open","sticky":false,"template":"","format":"standard","meta":{"footnotes":""},"categories":[4,9,3],"tags":[15,10],"class_list":["post-545","post","type-post","status-publish","format-standard","has-post-thumbnail","hentry","category-cotidiano","category-destaque","category-politica","tag-jose-sarto","tag-prefeitura-de-fortaleza"],"_links":{"self":[{"href":"https:\/\/panoramace.com.br\/index.php?rest_route=\/wp\/v2\/posts\/545","targetHints":{"allow":["GET"]}}],"collection":[{"href":"https:\/\/panoramace.com.br\/index.php?rest_route=\/wp\/v2\/posts"}],"about":[{"href":"https:\/\/panoramace.com.br\/index.php?rest_route=\/wp\/v2\/types\/post"}],"author":[{"embeddable":true,"href":"https:\/\/panoramace.com.br\/index.php?rest_route=\/wp\/v2\/users\/1"}],"replies":[{"embeddable":true,"href":"https:\/\/panoramace.com.br\/index.php?rest_route=%2Fwp%2Fv2%2Fcomments&post=545"}],"version-history":[{"count":1,"href":"https:\/\/panoramace.com.br\/index.php?rest_route=\/wp\/v2\/posts\/545\/revisions"}],"predecessor-version":[{"id":547,"href":"https:\/\/panoramace.com.br\/index.php?rest_route=\/wp\/v2\/posts\/545\/revisions\/547"}],"wp:featuredmedia":[{"embeddable":true,"href":"https:\/\/panoramace.com.br\/index.php?rest_route=\/wp\/v2\/media\/546"}],"wp:attachment":[{"href":"https:\/\/panoramace.com.br\/index.php?rest_route=%2Fwp%2Fv2%2Fmedia&parent=545"}],"wp:term":[{"taxonomy":"category","embeddable":true,"href":"https:\/\/panoramace.com.br\/index.php?rest_route=%2Fwp%2Fv2%2Fcategories&post=545"},{"taxonomy":"post_tag","embeddable":true,"href":"https:\/\/panoramace.com.br\/index.php?rest_route=%2Fwp%2Fv2%2Ftags&post=545"}],"curies":[{"name":"wp","href":"https:\/\/api.w.org\/{rel}","templated":true}]}}