{"id":594,"date":"2024-04-15T16:07:45","date_gmt":"2024-04-15T16:07:45","guid":{"rendered":"https:\/\/panoramace.com.br\/?p=594"},"modified":"2024-04-15T16:07:46","modified_gmt":"2024-04-15T16:07:46","slug":"fortaleza-celebra-298-anos-com-grande-festa-no-aterrinho-da-praia-de-iracema","status":"publish","type":"post","link":"https:\/\/panoramace.com.br\/?p=594","title":{"rendered":"Fortaleza celebra 298 anos com grande festa no Aterrinho da Praia de Iracema"},"content":{"rendered":"\n<p class=\"wp-block-paragraph\">Uma cidade em festa. <strong>Comemorando 298 anos<\/strong>, Fortaleza brilhou <strong>neste s\u00e1bado (13\/04)<\/strong>, com p\u00fablico animado pelo som da banda <strong>Borogod\u00f3<\/strong>, do grupo Essas Mulheres e das <strong>cantoras Preta Gil e Vanessa da Mata.<\/strong> A festa no <strong>Aterrinho da Praia de Iracema<\/strong> come\u00e7ou <strong>\u00e0s 18h<\/strong> e seguiu noite adentro.<\/p>\n\n\n\n<p class=\"wp-block-paragraph\"><strong>&#8220;S\u00e3o 298 anos, e esta \u00e9 uma celebra\u00e7\u00e3o muito especial. O palco hoje \u00e9 ocupado por mulheres, a banda Borogod\u00f3, o grupo Essas Mulheres e as cantoras Vanessa da Mata e Preta Gil. \u00c9 uma homenagem que a gente faz \u00e0 Fortaleza das mulheres e \u00e0s mulheres de Fortaleza. E comemoramos ao longo da semana toda entregando grandes equipamentos para a cidade, inclusive anunciando a cria\u00e7\u00e3o do museu hist\u00f3rico de Fortaleza, que vai guardar a mem\u00f3ria da nossa cidade&#8221;<\/strong>, afirmou o prefeito Jos\u00e9 Sarto.<\/p>\n\n\n\n<p class=\"wp-block-paragraph\">Na ocasi\u00e3o, o prefeito destacou alguns dos motivos para celebrar a capital cearense. &#8220;Fortaleza hoje \u00e9 a <strong>maior economia do Nordeste<\/strong>, \u00e9 respons\u00e1vel por<strong> 52% dos empregos gerados no Cear\u00e1 <\/strong>e tem a melhor qualidade de educa\u00e7\u00e3o do Brasil. A nossa pol\u00edtica de mobilidade urbana \u00e9 reconhecida internacionalmente. \u00c9 \u00fanica, entre <strong>38 cidades do Brasil<\/strong>, que teve a qualidade do ar aprovada pela <strong>Organiza\u00e7\u00e3o Mundial da Sa\u00fade<\/strong> <strong>(OMS).<\/strong> Temos pol\u00edticas inovadoras, como o Passe Livre Estudantil, entrega de rem\u00e9dio em casa e os postos de sa\u00fade m\u00f3vel do programa Vem Sa\u00fade&#8221;, exemplificou Sarto.<\/p>\n\n\n\n<p class=\"wp-block-paragraph\">O titular da <strong>Secretaria Municipal da Cultura (Secultfor)<\/strong> Roberto Viana J\u00fanior ressaltou que a festa de anivers\u00e1rio da cidade foi organizada para que popula\u00e7\u00e3o pudesse curtir com <strong>muita seguran\u00e7a e tranquilidade.<\/strong> &#8220;E n\u00e3o pode faltar uma boa m\u00fasica, \u00e9 por isso que a gente est\u00e1 aqui, nessa noite especial, com quatro apresenta\u00e7\u00f5es de artistas mulheres, celebrando e afirmando a import\u00e2ncia dessa classe art\u00edstica, dessas mulheres, dessa comemora\u00e7\u00e3o dos 298 anos de Fortaleza&#8221;, pontuou.<\/p>\n\n\n\n<p class=\"wp-block-paragraph\">A banda Borogod\u00f3 abriu os festejos com um <strong>repert\u00f3rio voltado para o pagode e o samba<\/strong>. O grupo de amigas come\u00e7ou a tocar despretensiosamente em 2010, mas logo conquistou o Nordeste. Em seguida, o grupo <strong>Essas Mulheres<\/strong> levou \u00e0 <strong>Praia de Iracema<\/strong> um show que reverencia o protagonismo feminino na m\u00fasica e tocou do <strong>samba ao brega.<\/strong><\/p>\n\n\n\n<p class=\"wp-block-paragraph\">Vanessa da Mata festejou a capital cearense com <strong>seu s\u00e9timo \u00e1lbum de est\u00fadio<\/strong>, intitulado <strong>\u201cVem Doce\u201d<\/strong>, misturando diversas refer\u00eancias da m\u00fasica brasileira, al\u00e9m de cantar seus maiores sucessos como <strong>\u201cAmado\u201d<\/strong>, <strong>\u201cBoa Sorte\u201d<\/strong> e <strong>\u201cN\u00e3o Me Deixe S\u00f3\u201d<\/strong>.<\/p>\n\n\n\n<p class=\"wp-block-paragraph\">A artista, que tamb\u00e9m puxou um <strong>&#8220;parab\u00e9ns para voc\u00ea&#8221;<\/strong> <strong>em homenagem \u00e0 cidade<\/strong>, contou que se divertiu muito no show, que estava<strong> &#8220;extremamente feliz&#8221;<\/strong>, em sintonia com o clima de festa. <strong>&#8220;Eu tenho extrema admira\u00e7\u00e3o pelo povo daqui. Toda vez que eu venho, n\u00e3o \u00e9 \u00e0 toa que eu sou muito bem recebida, porque \u00e9 rec\u00edproco. Eu tenho um carinho, um amor muito grande, eu tor\u00e7o por esse estado e eu acho que as pessoas sentem tamb\u00e9m&#8221;<\/strong>, declarou a cantora, estendendo a afei\u00e7\u00e3o a todo o Cear\u00e1.<\/p>\n\n\n\n<p class=\"wp-block-paragraph\">Encerrando a noite, a cantora<strong> Preta Gil<\/strong> apresentou sucessos de sua carreira, como <strong>\u201cSinais de Fogo\u201d, \u201cV\u00e1 Se Benzer\u201d<\/strong> e <strong>\u201cS\u00f3 o Amor\u201d<\/strong>, al\u00e9m de destacar seu recente lan\u00e7amento <strong>\u201cDe Volta ao Sol\u201d,<\/strong> primeiro single do seu pr\u00f3ximo EP e que demarca o retorno da cantora aos palcos ap\u00f3s passar por problemas de sa\u00fade.<\/p>\n\n\n\n<p class=\"wp-block-paragraph\">Curtindo a festa, a supervisora comercial Fernanda Kelly de Ara\u00fajo celebrou a cidade feito quem sabe que <strong>&#8220;ela tem hist\u00f3ria, tem come\u00e7o, meio e n\u00e3o vai ter fim&#8221;<\/strong>. Al\u00e9m de ver aqui o pr\u00f3prio lugar. &#8220;Nasci e me criei em Fortaleza, \u00e9 o meu lar, \u00e9 o meu lugar. Eu gosto daqui e n\u00e3o trocaria Fortaleza por outro lugar, independente de eu rodar o mundo&#8221;, contou.<\/p>\n\n\n\n<p class=\"wp-block-paragraph\">O estudante Francisco Teixeira veio de <strong>Canind\u00e9<\/strong> para comemorar o anivers\u00e1rio de Fortaleza. Ele aplaudiu a capital e a festa. &#8220;\u00c9 uma cidade gigante, imensa, a maior metr\u00f3pole da do Cear\u00e1. Ent\u00e3o \u00e9 muito legal a gente saber que tem algo t\u00e3o grande e especial assim no nosso estado, e a festa est\u00e1 massa, muito organizada&#8221;, observou.<\/p>\n\n\n\n<p class=\"wp-block-paragraph\"><strong>Plano operacional<\/strong><\/p>\n\n\n\n<p class=\"wp-block-paragraph\">Para garantir o <strong>conforto e a seguran\u00e7a<\/strong> do p\u00fablico durante o evento, a<strong> Prefeitura de Fortaleza<\/strong> montou um plano operacional envolvendo \u00e1reas como<strong> transporte p\u00fablico, seguran\u00e7a, fiscaliza\u00e7\u00e3o, ilumina\u00e7\u00e3o, limpeza e sa\u00fade.<\/strong><\/p>\n","protected":false},"excerpt":{"rendered":"<p>Anivers\u00e1rio de Fortaleza<\/p>\n","protected":false},"author":1,"featured_media":595,"comment_status":"open","ping_status":"open","sticky":false,"template":"","format":"standard","meta":{"footnotes":""},"categories":[4,9],"tags":[125,126,10],"class_list":["post-594","post","type-post","status-publish","format-standard","has-post-thumbnail","hentry","category-cotidiano","category-destaque","tag-aniversario-de-fortaleza","tag-aterro","tag-prefeitura-de-fortaleza"],"_links":{"self":[{"href":"https:\/\/panoramace.com.br\/index.php?rest_route=\/wp\/v2\/posts\/594","targetHints":{"allow":["GET"]}}],"collection":[{"href":"https:\/\/panoramace.com.br\/index.php?rest_route=\/wp\/v2\/posts"}],"about":[{"href":"https:\/\/panoramace.com.br\/index.php?rest_route=\/wp\/v2\/types\/post"}],"author":[{"embeddable":true,"href":"https:\/\/panoramace.com.br\/index.php?rest_route=\/wp\/v2\/users\/1"}],"replies":[{"embeddable":true,"href":"https:\/\/panoramace.com.br\/index.php?rest_route=%2Fwp%2Fv2%2Fcomments&post=594"}],"version-history":[{"count":1,"href":"https:\/\/panoramace.com.br\/index.php?rest_route=\/wp\/v2\/posts\/594\/revisions"}],"predecessor-version":[{"id":596,"href":"https:\/\/panoramace.com.br\/index.php?rest_route=\/wp\/v2\/posts\/594\/revisions\/596"}],"wp:featuredmedia":[{"embeddable":true,"href":"https:\/\/panoramace.com.br\/index.php?rest_route=\/wp\/v2\/media\/595"}],"wp:attachment":[{"href":"https:\/\/panoramace.com.br\/index.php?rest_route=%2Fwp%2Fv2%2Fmedia&parent=594"}],"wp:term":[{"taxonomy":"category","embeddable":true,"href":"https:\/\/panoramace.com.br\/index.php?rest_route=%2Fwp%2Fv2%2Fcategories&post=594"},{"taxonomy":"post_tag","embeddable":true,"href":"https:\/\/panoramace.com.br\/index.php?rest_route=%2Fwp%2Fv2%2Ftags&post=594"}],"curies":[{"name":"wp","href":"https:\/\/api.w.org\/{rel}","templated":true}]}}