{"id":661,"date":"2024-06-11T13:07:22","date_gmt":"2024-06-11T13:07:22","guid":{"rendered":"https:\/\/panoramace.com.br\/?p=661"},"modified":"2024-06-11T13:07:30","modified_gmt":"2024-06-11T13:07:30","slug":"prefeitura-oferta-mais-de-900-vagas-para-o-centro-de-linguas-do-imparh","status":"publish","type":"post","link":"https:\/\/panoramace.com.br\/?p=661","title":{"rendered":"Prefeitura oferta mais de 900 vagas para o Centro de L\u00ednguas do Imparh"},"content":{"rendered":"\n<p class=\"wp-block-paragraph\">A Prefeitura de Fortaleza, por meio do <strong>Instituto Municipal de Desenvolvimento de Recursos Humanos (Imparh)<\/strong>, abriu as inscri\u00e7\u00f5es da sele\u00e7\u00e3o de novos alunos para o Centro de L\u00ednguas. S\u00e3o ofertadas <strong>910 vagas nos cursos de portugu\u00eas, ingl\u00eas, alem\u00e3o, espanhol, italiano, franc\u00eas e japon\u00eas.<\/strong> Os interessados podem se inscrever pelo <strong>Canal de Concursos e Sele\u00e7\u00f5es<\/strong>, at\u00e9 o dia <strong>7 de julho.<\/strong><\/p>\n\n\n\n<p class=\"wp-block-paragraph\">Podem participar da sele\u00e7\u00e3o os candidatos que tenham conclu\u00eddo ou estejam cursando, no m\u00ednimo, o<strong> 9\u00ba ano do ensino fundamental<\/strong> com idade m\u00ednima de <strong>14 anos completos.<\/strong> Para se inscrever, o candidato dever\u00e1 preencher o formul\u00e1rio de inscri\u00e7\u00e3o dispon\u00edvel no Canal de Concursos e Sele\u00e7\u00f5es da Prefeitura de Fortaleza e pagar o boleto at\u00e9 a data do vencimento indicado. O valor da <strong>inscri\u00e7\u00e3o \u00e9 de R$ 88.<\/strong><\/p>\n\n\n\n<p class=\"wp-block-paragraph\">Das <strong>910 das vagas<\/strong> ofertadas para o semestre 2024.2, metade ser\u00e3o prioritariamente preenchidas por alunos regularmente matriculados na \u00faltima s\u00e9rie do ensino fundamental at\u00e9 a \u00faltima s\u00e9rie do ensino m\u00e9dio, em<strong> escolas p\u00fablicas<\/strong> da rede de ensino <strong>municipal, estadual ou federal.<\/strong><\/p>\n\n\n\n<p class=\"wp-block-paragraph\">O resultado final da sele\u00e7\u00e3o ser\u00e1 divulgado no dia <strong>6 de agosto<\/strong>. Os aprovados na sele\u00e7\u00e3o dever\u00e3o pagar taxa de matr\u00edcula semestral no valor de <strong>R$ 88 para estudantes dos idiomas estrangeiros<\/strong> e de <strong>R$ 120 para o idioma de portugu\u00eas<\/strong>, pois custeia o material did\u00e1tico do semestre letivo. Os cursos de l\u00ednguas estrangeiras t\u00eam<strong> dura\u00e7\u00e3o de tr\u00eas anos e meio.<\/strong> J\u00e1 o curso de portugu\u00eas dura <strong>dois anos e meio.<\/strong><\/p>\n","protected":false},"excerpt":{"rendered":"<p>Prefeitura oferta mais de 900 vagas para o Centro de L\u00ednguas do Imparh<\/p>\n","protected":false},"author":1,"featured_media":662,"comment_status":"open","ping_status":"open","sticky":false,"template":"","format":"standard","meta":{"footnotes":""},"categories":[4,148],"tags":[150,149,10],"class_list":["post-661","post","type-post","status-publish","format-standard","has-post-thumbnail","hentry","category-cotidiano","category-educacao","tag-educacao","tag-imparh","tag-prefeitura-de-fortaleza"],"_links":{"self":[{"href":"https:\/\/panoramace.com.br\/index.php?rest_route=\/wp\/v2\/posts\/661","targetHints":{"allow":["GET"]}}],"collection":[{"href":"https:\/\/panoramace.com.br\/index.php?rest_route=\/wp\/v2\/posts"}],"about":[{"href":"https:\/\/panoramace.com.br\/index.php?rest_route=\/wp\/v2\/types\/post"}],"author":[{"embeddable":true,"href":"https:\/\/panoramace.com.br\/index.php?rest_route=\/wp\/v2\/users\/1"}],"replies":[{"embeddable":true,"href":"https:\/\/panoramace.com.br\/index.php?rest_route=%2Fwp%2Fv2%2Fcomments&post=661"}],"version-history":[{"count":1,"href":"https:\/\/panoramace.com.br\/index.php?rest_route=\/wp\/v2\/posts\/661\/revisions"}],"predecessor-version":[{"id":663,"href":"https:\/\/panoramace.com.br\/index.php?rest_route=\/wp\/v2\/posts\/661\/revisions\/663"}],"wp:featuredmedia":[{"embeddable":true,"href":"https:\/\/panoramace.com.br\/index.php?rest_route=\/wp\/v2\/media\/662"}],"wp:attachment":[{"href":"https:\/\/panoramace.com.br\/index.php?rest_route=%2Fwp%2Fv2%2Fmedia&parent=661"}],"wp:term":[{"taxonomy":"category","embeddable":true,"href":"https:\/\/panoramace.com.br\/index.php?rest_route=%2Fwp%2Fv2%2Fcategories&post=661"},{"taxonomy":"post_tag","embeddable":true,"href":"https:\/\/panoramace.com.br\/index.php?rest_route=%2Fwp%2Fv2%2Ftags&post=661"}],"curies":[{"name":"wp","href":"https:\/\/api.w.org\/{rel}","templated":true}]}}