{"id":665,"date":"2024-06-14T17:57:51","date_gmt":"2024-06-14T17:57:51","guid":{"rendered":"https:\/\/panoramace.com.br\/?p=665"},"modified":"2024-06-14T17:57:53","modified_gmt":"2024-06-14T17:57:53","slug":"novo-frotinha-de-messejana-ja-atendeu-mais-de-5-mil-pacientes-em-dois-meses-apos-inauguracao","status":"publish","type":"post","link":"https:\/\/panoramace.com.br\/?p=665","title":{"rendered":"Novo Frotinha de Messejana j\u00e1 atendeu mais de 5 mil pacientes em dois meses ap\u00f3s inaugura\u00e7\u00e3o"},"content":{"rendered":"\n<p class=\"wp-block-paragraph\">O novo <strong>Hospital Distrital Edmilson Barros de Oliveira (Frotinha da Messejana)<\/strong> completa dois meses de funcionamento e j\u00e1 apresenta resultados positivos no acolhimento aos fortalezenses. A unidade atendeu <strong>5.493 usu\u00e1rios<\/strong> do <strong>Sistema \u00danico de Sa\u00fade (SUS)<\/strong>, entre <strong>8 de abril e 9 de junho.<\/strong> O resultado demonstra os esfor\u00e7os da <strong>Prefeitura de Fortaleza<\/strong> em garantir atendimento \u00e1gil de <strong>urg\u00eancia e emerg\u00eancia 24h<\/strong>, todos os dias da semana.<\/p>\n\n\n\n<p class=\"wp-block-paragraph\">Um dos grandes destaques da unidade foi a quantidade de cirurgias. No total, foram<strong> realizadas 406, sendo 282 traumatol\u00f3gica e 125 cl\u00ednico geral.<\/strong> O resultado j\u00e1 demonstra os benef\u00edcios da decis\u00e3o da atual gest\u00e3o de ampliar a capacidade cir\u00fargica da unidade, que saltou, ap\u00f3s as obras, de duas para tr\u00eas salas de cirurgia.<\/p>\n\n\n\n<p class=\"wp-block-paragraph\">Na linha do cuidado traumatol\u00f3gico e cir\u00fargico geral a esses pacientes, neste per\u00edodo, foram realizados <strong>17.146 exames<\/strong>, entre laboratorial e de imagem, <strong>619 interna\u00e7\u00f5es<\/strong>,<strong> 4.188 acolhimentos do servi\u00e7o social<\/strong> e <strong>1.643 procedimentos de gesso e imobiliza\u00e7\u00e3o.<\/strong><\/p>\n\n\n\n<p class=\"wp-block-paragraph\"><strong>Frotinha de Messejana<\/strong><\/p>\n\n\n\n<p class=\"wp-block-paragraph\">O prefeito <strong>Jos\u00e9 Sarto<\/strong> entregou, no dia <strong>8 de abril<\/strong>, o novo Frotinha de Messejana com mais leitos, estrutura f\u00edsica moderna e ambientes adequados \u00e0s normas vigentes. Ap\u00f3s as interven\u00e7\u00f5es, a unidade hospitalar ganhou incremento de, aproximadamente, <strong>30% do n\u00famero<\/strong> de leitos e da sua capacidade cir\u00fargica.<\/p>\n\n\n\n<p class=\"wp-block-paragraph\">O hospital possui <strong>\u00e1rea de 3.921 m\u00b2<\/strong> e recebeu investimento de <strong>R$ 17 milh\u00f5es em obras<\/strong>, executadas pela <strong>Secretaria Municipal da Infraestrutura (Seinf).<\/strong> A iniciativa proporcionou moderniza\u00e7\u00e3o da estrutura f\u00edsica e adequa\u00e7\u00e3o dos ambientes \u00e0s normas vigentes desta unidade que \u00e9 gerida pela <strong>Funda\u00e7\u00e3o de Apoio \u00e0 Gest\u00e3o Integrada em Sa\u00fade de Fortaleza (Fagifor)<\/strong> e conta com consultoria da Sociedade Israelita Albert Einstein, de S\u00e3o Paulo.<\/p>\n\n\n\n<p class=\"wp-block-paragraph\">Atualmente, o hospital possui a capacidade mensal de, aproximadamente, <strong>seis mil atendimentos de urg\u00eancia e emerg\u00eancia.<\/strong> Com a reforma, a unidade ganhou novos leitos \u00e0 disposi\u00e7\u00e3o da popula\u00e7\u00e3o, passando de<strong> 71 para 92<\/strong>, <strong>sendo 63 de enfermaria<\/strong>,<strong> 17 de observa\u00e7\u00e3o<\/strong>, <strong>seis de recupera\u00e7\u00e3o<\/strong>, <strong>quatro de Unidade de Terapia de Urg\u00eancia (UTU)<\/strong> e dois para pacientes com necessidade de <strong>manobras cardiorrespirat\u00f3rias.<\/strong><\/p>\n\n\n\n<p class=\"wp-block-paragraph\">A sala de pequenos procedimentos tamb\u00e9m recebeu melhorias, para garantir maior capacidade de suturas, drenagem de abcessos e demais interven\u00e7\u00f5es.<\/p>\n\n\n\n<p class=\"wp-block-paragraph\">Para acolher os pacientes, cerca de <strong>490 profissionais atuam na unidade<\/strong>, entre <strong>m\u00e9dicos, enfermeiros e equipe multiprofissional.<\/strong><\/p>\n\n\n\n<p class=\"wp-block-paragraph\"><strong>Pr\u00f3ximas interven\u00e7\u00f5es na rede hospitalar<\/strong><\/p>\n\n\n\n<p class=\"wp-block-paragraph\">Em continuidade ao plano de moderniza\u00e7\u00e3o da rede hospitalar de Fortaleza, a pr\u00f3xima unidade que ser\u00e1 entregue para a popula\u00e7\u00e3o totalmente requalificada ser\u00e1 o <strong>Hospital Distrital Gonzaga Mota de Messejana (Gonzaguinha de Messejana).<\/strong> A unidade, que realiza pronto atendimento obst\u00e9trico 24h, ganhar\u00e1 nova estrutura f\u00edsica para qualificar o atendimento materno infantil.<\/p>\n","protected":false},"excerpt":{"rendered":"<p>No total, 406 cirurgias foram realizadas; resultados mostram impacto positivo da amplia\u00e7\u00e3o das salas de cirurgia<\/p>\n","protected":false},"author":1,"featured_media":666,"comment_status":"open","ping_status":"open","sticky":false,"template":"","format":"standard","meta":{"footnotes":""},"categories":[4,9,122,118,151],"tags":[152,123,15,10],"class_list":["post-665","post","type-post","status-publish","format-standard","has-post-thumbnail","hentry","category-cotidiano","category-destaque","category-infraestrutura","category-saude","category-saude-2","tag-frotinha-de-messejana","tag-infraestrutura","tag-jose-sarto","tag-prefeitura-de-fortaleza"],"_links":{"self":[{"href":"https:\/\/panoramace.com.br\/index.php?rest_route=\/wp\/v2\/posts\/665","targetHints":{"allow":["GET"]}}],"collection":[{"href":"https:\/\/panoramace.com.br\/index.php?rest_route=\/wp\/v2\/posts"}],"about":[{"href":"https:\/\/panoramace.com.br\/index.php?rest_route=\/wp\/v2\/types\/post"}],"author":[{"embeddable":true,"href":"https:\/\/panoramace.com.br\/index.php?rest_route=\/wp\/v2\/users\/1"}],"replies":[{"embeddable":true,"href":"https:\/\/panoramace.com.br\/index.php?rest_route=%2Fwp%2Fv2%2Fcomments&post=665"}],"version-history":[{"count":1,"href":"https:\/\/panoramace.com.br\/index.php?rest_route=\/wp\/v2\/posts\/665\/revisions"}],"predecessor-version":[{"id":667,"href":"https:\/\/panoramace.com.br\/index.php?rest_route=\/wp\/v2\/posts\/665\/revisions\/667"}],"wp:featuredmedia":[{"embeddable":true,"href":"https:\/\/panoramace.com.br\/index.php?rest_route=\/wp\/v2\/media\/666"}],"wp:attachment":[{"href":"https:\/\/panoramace.com.br\/index.php?rest_route=%2Fwp%2Fv2%2Fmedia&parent=665"}],"wp:term":[{"taxonomy":"category","embeddable":true,"href":"https:\/\/panoramace.com.br\/index.php?rest_route=%2Fwp%2Fv2%2Fcategories&post=665"},{"taxonomy":"post_tag","embeddable":true,"href":"https:\/\/panoramace.com.br\/index.php?rest_route=%2Fwp%2Fv2%2Ftags&post=665"}],"curies":[{"name":"wp","href":"https:\/\/api.w.org\/{rel}","templated":true}]}}