{"id":868,"date":"2026-02-28T20:59:28","date_gmt":"2026-02-28T20:59:28","guid":{"rendered":"https:\/\/panoramace.com.br\/?p=868"},"modified":"2026-03-03T17:53:23","modified_gmt":"2026-03-03T17:53:23","slug":"prefeitura-conclui-areninha-sete-predios-na-barra-do-ceara","status":"publish","type":"post","link":"https:\/\/panoramace.com.br\/?p=868","title":{"rendered":"Prefeitura conclui Areninha Sete Pr\u00e9dios na Barra do Cear\u00e1"},"content":{"rendered":"\n<p class=\"wp-block-paragraph\">A popula\u00e7\u00e3o da Barra do Cear\u00e1 ganhou, nesta sexta-feira (27\/02), um importante refor\u00e7o para o esporte e o lazer. A Prefeitura de Fortaleza entregou a reforma da Areninha Sete Pr\u00e9dios, garantindo mais qualidade e seguran\u00e7a para os moradores da regi\u00e3o. Esta \u00e9 a 12\u00aa areninha revitalizada pela atual gest\u00e3o, em uma obra executada pela Secretaria Municipal da Infraestrutura (Seinf), com investimento aproximado de R$ 320 mil.<\/p>\n\n\n\n<p class=\"wp-block-paragraph\">De acordo com o prefeito Evandro Leit\u00e3o, a entrega refor\u00e7a o compromisso da gest\u00e3o municipal com a melhoria dos espa\u00e7os p\u00fablicos de esporte e lazer em todas as Regionais da cidade. \u201cEstamos realizando investimentos e entregas em todos os bairros de Fortaleza por onde temos passado. Temos investido fortemente para garantir melhorias concretas para a popula\u00e7\u00e3o\u201d.<\/p>\n\n\n\n<p class=\"wp-block-paragraph\">A partir da reforma, a Areninha volta a sediar projetos esportivos e atividades regulares para a comunidade. \u201cAqui foi feita uma reforma geral de recupera\u00e7\u00e3o. Esta Areninha realmente estava precisando de interven\u00e7\u00f5es, pois se encontrava bastante deteriorada. Realizamos a recupera\u00e7\u00e3o do alambrado, da ilumina\u00e7\u00e3o, das redes, do gramado e dos vesti\u00e1rios\u201d, destacou o prefeito.<\/p>\n\n\n\n<p class=\"wp-block-paragraph\">A Areninha Sete Pr\u00e9dios recebeu a substitui\u00e7\u00e3o integral de 260 m\u00b2 de telas, recupera\u00e7\u00e3o do alambrado, pintura das muretas, recupera\u00e7\u00e3o de chapins, arquibancadas, vesti\u00e1rio e da estrutura dos port\u00f5es. Tamb\u00e9m foi realizada a revis\u00e3o das instala\u00e7\u00f5es el\u00e9tricas e das lou\u00e7as sanit\u00e1rias, al\u00e9m da implanta\u00e7\u00e3o de piso intertravado.<\/p>\n","protected":false},"excerpt":{"rendered":"<p>A popula\u00e7\u00e3o da Barra do Cear\u00e1 ganhou, nesta sexta-feira (27\/02), um importante refor\u00e7o para o esporte e o lazer. A Prefeitura de Fortaleza entregou a reforma da Areninha Sete Pr\u00e9dios,&hellip;<\/p>\n","protected":false},"author":3,"featured_media":870,"comment_status":"open","ping_status":"open","sticky":false,"template":"","format":"standard","meta":{"footnotes":""},"categories":[9],"tags":[],"class_list":["post-868","post","type-post","status-publish","format-standard","has-post-thumbnail","hentry","category-destaque"],"_links":{"self":[{"href":"https:\/\/panoramace.com.br\/index.php?rest_route=\/wp\/v2\/posts\/868","targetHints":{"allow":["GET"]}}],"collection":[{"href":"https:\/\/panoramace.com.br\/index.php?rest_route=\/wp\/v2\/posts"}],"about":[{"href":"https:\/\/panoramace.com.br\/index.php?rest_route=\/wp\/v2\/types\/post"}],"author":[{"embeddable":true,"href":"https:\/\/panoramace.com.br\/index.php?rest_route=\/wp\/v2\/users\/3"}],"replies":[{"embeddable":true,"href":"https:\/\/panoramace.com.br\/index.php?rest_route=%2Fwp%2Fv2%2Fcomments&post=868"}],"version-history":[{"count":1,"href":"https:\/\/panoramace.com.br\/index.php?rest_route=\/wp\/v2\/posts\/868\/revisions"}],"predecessor-version":[{"id":871,"href":"https:\/\/panoramace.com.br\/index.php?rest_route=\/wp\/v2\/posts\/868\/revisions\/871"}],"wp:featuredmedia":[{"embeddable":true,"href":"https:\/\/panoramace.com.br\/index.php?rest_route=\/wp\/v2\/media\/870"}],"wp:attachment":[{"href":"https:\/\/panoramace.com.br\/index.php?rest_route=%2Fwp%2Fv2%2Fmedia&parent=868"}],"wp:term":[{"taxonomy":"category","embeddable":true,"href":"https:\/\/panoramace.com.br\/index.php?rest_route=%2Fwp%2Fv2%2Fcategories&post=868"},{"taxonomy":"post_tag","embeddable":true,"href":"https:\/\/panoramace.com.br\/index.php?rest_route=%2Fwp%2Fv2%2Ftags&post=868"}],"curies":[{"name":"wp","href":"https:\/\/api.w.org\/{rel}","templated":true}]}}