{"id":957,"date":"2026-06-01T20:43:54","date_gmt":"2026-06-01T20:43:54","guid":{"rendered":"https:\/\/panoramace.com.br\/?p=957"},"modified":"2026-06-27T14:18:17","modified_gmt":"2026-06-27T14:18:17","slug":"fortalece-r-170-milhoes-serao-investidos-em-pavimentacao-e-requalificacao-de-ruas-em-fortaleza","status":"publish","type":"post","link":"https:\/\/panoramace.com.br\/?p=957","title":{"rendered":"FORtaleCE: R$ 170 Milh\u00f5es Ser\u00e3o Investidos em Pavimenta\u00e7\u00e3o e Requalifica\u00e7\u00e3o de Ruas em Fortaleza"},"content":{"rendered":"\n<p class=\"wp-block-paragraph\">Fortaleza ter\u00e1 o <strong>maior investimento em pavimenta\u00e7\u00e3o e requalifica\u00e7\u00e3o asf\u00e1ltica de sua hist\u00f3ria<\/strong>. O governador <strong>Elmano de Freitas<\/strong> e o prefeito <strong>Evandro Leit\u00e3o<\/strong> anunciaram, nesta segunda-feira (01\/06), a aplica\u00e7\u00e3o de <strong>R$ 170 milh\u00f5es<\/strong> para recuperar <strong>250 quil\u00f4metros de ruas e avenidas<\/strong> da capital cearense. O an\u00fancio foi feito no bairro Granja Portugal.<\/p>\n\n\n\n<hr class=\"wp-block-separator has-alpha-channel-opacity\"\/>\n\n\n\n<h2 class=\"wp-block-heading\">O que \u00e9 a parceria FORtaleCE?<\/h2>\n\n\n\n<p class=\"wp-block-paragraph\">A iniciativa nasce da uni\u00e3o de dois programas:<\/p>\n\n\n\n<ul class=\"wp-block-list\">\n<li><strong>Trabalho T\u00e1 Na Pista 2026<\/strong> \u2014 Prefeitura de Fortaleza<\/li>\n\n\n\n<li><strong>Sinalize Fortaleza<\/strong> \u2014 Governo do Estado do Cear\u00e1, executado pela Superintend\u00eancia de Obras P\u00fablicas (SOP)<\/li>\n<\/ul>\n\n\n\n<p class=\"wp-block-paragraph\">Juntos, os programas formam a parceria <strong>FORtaleCE<\/strong>, que contemplar\u00e1 as <strong>12 Regionais de Fortaleza<\/strong> com servi\u00e7os de pavimenta\u00e7\u00e3o, sinaliza\u00e7\u00e3o e infraestrutura urbana.<\/p>\n\n\n\n<hr class=\"wp-block-separator has-alpha-channel-opacity\"\/>\n\n\n\n<h2 class=\"wp-block-heading\">Um investimento hist\u00f3rico para a capital<\/h2>\n\n\n\n<p class=\"wp-block-paragraph\">Os <strong>250 km de vias<\/strong> a serem requalificados representam <strong>mais do dobro<\/strong> da meta cumprida no T\u00e1 na Pista 2025, que totalizou 111 quil\u00f4metros. O governador Elmano de Freitas destacou o alcance da a\u00e7\u00e3o:<\/p>\n\n\n\n<blockquote class=\"wp-block-quote is-layout-flow wp-block-quote-is-layout-flow\">\n<p class=\"wp-block-paragraph\">&#8220;Estamos de m\u00e3os dadas para melhorar o conforto, a comodidade e a qualidade de vida do povo de Fortaleza. O Sinalize se estende \u00e0s rodovias estaduais e aos 184 munic\u00edpios cearenses.&#8221;<\/p>\n<\/blockquote>\n\n\n\n<p class=\"wp-block-paragraph\">O prefeito Evandro Leit\u00e3o refor\u00e7ou a abrang\u00eancia do projeto:<\/p>\n\n\n\n<blockquote class=\"wp-block-quote is-layout-flow wp-block-quote-is-layout-flow\">\n<p class=\"wp-block-paragraph\">&#8220;Estamos na Granja Portugal, mas j\u00e1 iniciamos na Granja Lisboa, Conjunto Cear\u00e1, Bonsucesso, Vicente Pinz\u00f3n. Vamos levar mais conforto e seguran\u00e7a para toda a popula\u00e7\u00e3o fortalezense.&#8221;<\/p>\n<\/blockquote>\n\n\n\n<p class=\"wp-block-paragraph\">A defini\u00e7\u00e3o das ruas e avenidas contempladas \u00e9 feita de forma t\u00e9cnica, com base nas demandas registradas pela popula\u00e7\u00e3o por meio da <strong>Central 156<\/strong> e da <strong>Ouvidoria Municipal<\/strong>.<\/p>\n\n\n\n<hr class=\"wp-block-separator has-alpha-channel-opacity\"\/>\n\n\n\n<h2 class=\"wp-block-heading\">Como os servi\u00e7os ser\u00e3o executados?<\/h2>\n\n\n\n<p class=\"wp-block-paragraph\">Com o fim da quadra chuvosa, os trabalhos ter\u00e3o in\u00edcio imediato, com <strong>20 frentes de trabalho simult\u00e2neas<\/strong>, envolvendo equipes de:<\/p>\n\n\n\n<ul class=\"wp-block-list\">\n<li>Secretaria Municipal de <strong>Infraestrutura e Conserva\u00e7\u00e3o<\/strong><\/li>\n\n\n\n<li><strong>Autarquia Municipal de Tr\u00e2nsito e Cidadania (AMC)<\/strong><\/li>\n\n\n\n<li><strong>Superintend\u00eancia de Obras P\u00fablicas do Cear\u00e1 (SOP)<\/strong><\/li>\n\n\n\n<li><strong>Cagece\/Ambiental<\/strong> (saneamento e esgotamento sanit\u00e1rio)<\/li>\n<\/ul>\n\n\n\n<p class=\"wp-block-paragraph\">A <strong>Cagece<\/strong> projeta recuperar <strong>20.666,5 m\u00b2<\/strong> somente na regi\u00e3o da Granja Lisboa e Granja Portugal, onde j\u00e1 foram investidos <strong>R$ 25 milh\u00f5es<\/strong> no sistema de esgotamento sanit\u00e1rio dos dois bairros.<\/p>\n\n\n\n<hr class=\"wp-block-separator has-alpha-channel-opacity\"\/>\n\n\n\n<h2 class=\"wp-block-heading\">Primeiras ruas a receber pavimenta\u00e7\u00e3o em Fortaleza<\/h2>\n\n\n\n<p class=\"wp-block-paragraph\">Nos pr\u00f3ximos 20 dias, as seguintes vias ser\u00e3o as primeiras a receber os servi\u00e7os:<\/p>\n\n\n\n<figure class=\"wp-block-table\"><table class=\"has-fixed-layout\"><thead><tr><th>Bairro<\/th><th>Vias contempladas<\/th><\/tr><\/thead><tbody><tr><td>Bom Jardim<\/td><td>Rua Fernando Augusto, Rua Miracel e Rua Mirtes Cordeiro<\/td><\/tr><tr><td>Bonsucesso<\/td><td>Rua Vital Brasil<\/td><\/tr><tr><td>Conjunto Cear\u00e1<\/td><td>Av. Alanis Maria e Av. Ministro Albuquerque Lima<\/td><\/tr><tr><td>Granja Lisboa<\/td><td>Av. Oscar Fran\u00e7a e Av. Oscar Araripe<\/td><\/tr><tr><td>Granja Portugal<\/td><td>Rua Em\u00edlio de Menezes<\/td><\/tr><tr><td>J\u00f3quei Clube<\/td><td>Av. Fernandes T\u00e1vora e Av. Lineu Machado<\/td><\/tr><\/tbody><\/table><\/figure>\n\n\n\n<hr class=\"wp-block-separator has-alpha-channel-opacity\"\/>\n\n\n\n<p class=\"wp-block-paragraph\"><em>Fonte: Prefeitura de Fortaleza \/ Governo do Estado do Cear\u00e1 \u2014 An\u00fancio realizado em 01\/06\/2026.<\/em><\/p>\n","protected":false},"excerpt":{"rendered":"<p>Fortaleza ter\u00e1 o maior investimento em pavimenta\u00e7\u00e3o e requalifica\u00e7\u00e3o asf\u00e1ltica de sua hist\u00f3ria. O governador Elmano de Freitas e o prefeito Evandro Leit\u00e3o anunciaram, nesta segunda-feira (01\/06), a aplica\u00e7\u00e3o de&hellip;<\/p>\n","protected":false},"author":3,"featured_media":967,"comment_status":"open","ping_status":"open","sticky":false,"template":"","format":"standard","meta":{"footnotes":""},"categories":[9],"tags":[],"class_list":["post-957","post","type-post","status-publish","format-standard","has-post-thumbnail","hentry","category-destaque"],"_links":{"self":[{"href":"https:\/\/panoramace.com.br\/index.php?rest_route=\/wp\/v2\/posts\/957","targetHints":{"allow":["GET"]}}],"collection":[{"href":"https:\/\/panoramace.com.br\/index.php?rest_route=\/wp\/v2\/posts"}],"about":[{"href":"https:\/\/panoramace.com.br\/index.php?rest_route=\/wp\/v2\/types\/post"}],"author":[{"embeddable":true,"href":"https:\/\/panoramace.com.br\/index.php?rest_route=\/wp\/v2\/users\/3"}],"replies":[{"embeddable":true,"href":"https:\/\/panoramace.com.br\/index.php?rest_route=%2Fwp%2Fv2%2Fcomments&post=957"}],"version-history":[{"count":2,"href":"https:\/\/panoramace.com.br\/index.php?rest_route=\/wp\/v2\/posts\/957\/revisions"}],"predecessor-version":[{"id":972,"href":"https:\/\/panoramace.com.br\/index.php?rest_route=\/wp\/v2\/posts\/957\/revisions\/972"}],"wp:featuredmedia":[{"embeddable":true,"href":"https:\/\/panoramace.com.br\/index.php?rest_route=\/wp\/v2\/media\/967"}],"wp:attachment":[{"href":"https:\/\/panoramace.com.br\/index.php?rest_route=%2Fwp%2Fv2%2Fmedia&parent=957"}],"wp:term":[{"taxonomy":"category","embeddable":true,"href":"https:\/\/panoramace.com.br\/index.php?rest_route=%2Fwp%2Fv2%2Fcategories&post=957"},{"taxonomy":"post_tag","embeddable":true,"href":"https:\/\/panoramace.com.br\/index.php?rest_route=%2Fwp%2Fv2%2Ftags&post=957"}],"curies":[{"name":"wp","href":"https:\/\/api.w.org\/{rel}","templated":true}]}}