{"id":991,"date":"2026-06-26T12:40:03","date_gmt":"2026-06-26T12:40:03","guid":{"rendered":"https:\/\/panoramace.com.br\/?p=991"},"modified":"2026-06-27T14:18:31","modified_gmt":"2026-06-27T14:18:31","slug":"passe-livre-todo-dia-o-que-muda-para-os-estudantes-de-fortaleza","status":"publish","type":"post","link":"https:\/\/panoramace.com.br\/?p=991","title":{"rendered":"Passe Livre Todo Dia: o que muda para os estudantes de Fortaleza"},"content":{"rendered":"\n<p class=\"wp-block-paragraph\">A partir de <strong>1\u00ba de julho de 2026<\/strong>, os estudantes de Fortaleza passam a contar com duas passagens gratuitas por dia no transporte p\u00fablico durante todos os <strong>365 dias do ano<\/strong>. A lei que institui o <strong>Passe Livre Todo Dia<\/strong> foi sancionada no dia 26 de junho pelo prefeito <strong>Evandro Leit\u00e3o<\/strong>, no bairro Parque Dois Irm\u00e3os.<\/p>\n\n\n\n<hr class=\"wp-block-separator has-alpha-channel-opacity\"\/>\n\n\n\n<h4 class=\"wp-block-heading\">O que \u00e9 o Passe Livre Todo Dia?<\/h4>\n\n\n\n<p class=\"wp-block-paragraph\">O Passe Livre Todo Dia \u00e9 a amplia\u00e7\u00e3o de um benef\u00edcio j\u00e1 existente para estudantes da rede p\u00fablica de Fortaleza que possuem a Carteira de Estudante emitida pela <strong>Etufor (Empresa de Transporte Urbano de Fortaleza)<\/strong>.<\/p>\n\n\n\n<p class=\"wp-block-paragraph\">Antes da nova lei, o benef\u00edcio garantia 2 passagens gratuitas por dia apenas nos <strong>dias letivos<\/strong>. Com a mudan\u00e7a, a gratuidade passa a valer tamb\u00e9m nos:<\/p>\n\n\n\n<ul class=\"wp-block-list\">\n<li><strong>Fins de semana e feriados<\/strong><\/li>\n\n\n\n<li><strong>Per\u00edodos de f\u00e9rias escolares<\/strong><\/li>\n\n\n\n<li><strong>S\u00e1bados e domingos durante o ano todo<\/strong><\/li>\n<\/ul>\n\n\n\n<hr class=\"wp-block-separator has-alpha-channel-opacity\"\/>\n\n\n\n<h4 class=\"wp-block-heading\">Quem pode usar o Passe Livre Todo Dia?<\/h4>\n\n\n\n<p class=\"wp-block-paragraph\">O benef\u00edcio \u00e9 destinado a estudantes que possuem a <strong>Carteira de Estudante da Etufor<\/strong>. Mais de <strong>300 mil pessoas<\/strong> solicitam a carteirinha anualmente e ser\u00e3o beneficiadas pela amplia\u00e7\u00e3o.<\/p>\n\n\n\n<p class=\"wp-block-paragraph\">Com o novo passe, os estudantes poder\u00e3o utilizar o transporte p\u00fablico gratuitamente para:<\/p>\n\n\n\n<ul class=\"wp-block-list\">\n<li>Cursos de refor\u00e7o e prepara\u00e7\u00e3o para vestibulares<\/li>\n\n\n\n<li>Atividades esportivas e culturais<\/li>\n\n\n\n<li>Programas de qualifica\u00e7\u00e3o profissional e est\u00e1gios<\/li>\n\n\n\n<li>Lazer, como visitas a praias, parques e shoppings<\/li>\n<\/ul>\n\n\n\n<hr class=\"wp-block-separator has-alpha-channel-opacity\"\/>\n\n\n\n<h4 class=\"wp-block-heading\">Quando entra em vigor?<\/h4>\n\n\n\n<p class=\"wp-block-paragraph\">O <strong>Passe Livre Todo Dia come\u00e7a em 1\u00ba de julho de 2026<\/strong>. O projeto de lei (PL 18\/2026) foi enviado \u00e0 C\u00e2mara Municipal de Fortaleza no dia 22 de junho e aprovado pelos vereadores j\u00e1 no dia seguinte, 23 de junho.<\/p>\n\n\n\n<hr class=\"wp-block-separator has-alpha-channel-opacity\"\/>\n\n\n\n<h4 class=\"wp-block-heading\">Quanto vai custar para o poder p\u00fablico?<\/h4>\n\n\n\n<p class=\"wp-block-paragraph\">O investimento previsto \u00e9 de <strong>R$ 8,5 milh\u00f5es por ano<\/strong>, financiado em parceria entre a <strong>Prefeitura de Fortaleza<\/strong> e o <strong>Governo do Estado do Cear\u00e1<\/strong>.<\/p>\n\n\n\n<hr class=\"wp-block-separator has-alpha-channel-opacity\"\/>\n\n\n\n<h4 class=\"wp-block-heading\">Perguntas frequentes sobre o Passe Livre Todo Dia<\/h4>\n\n\n\n<p class=\"wp-block-paragraph\"><strong>O Passe Livre Todo Dia \u00e9 gratuito para o estudante?<\/strong><br>Sim. O estudante n\u00e3o paga nada. O custo \u00e9 subsidiado pela Prefeitura e pelo Estado.<\/p>\n\n\n\n<p class=\"wp-block-paragraph\"><strong>Preciso de uma nova carteirinha para usar o benef\u00edcio?<\/strong><br>N\u00e3o. Quem j\u00e1 possui a Carteira de Estudante da Etufor pode usar o benef\u00edcio normalmente a partir de 1\u00ba de julho de 2026.<\/p>\n\n\n\n<p class=\"wp-block-paragraph\"><strong>Quantas passagens gratuitas terei por dia?<\/strong><br>Duas passagens gratuitas por dia, todos os dias do ano.<\/p>\n","protected":false},"excerpt":{"rendered":"<p>A partir de 1\u00ba de julho de 2026, os estudantes de Fortaleza passam a contar com duas passagens gratuitas por dia no transporte p\u00fablico durante todos os 365 dias do&hellip;<\/p>\n","protected":false},"author":3,"featured_media":992,"comment_status":"open","ping_status":"open","sticky":false,"template":"","format":"standard","meta":{"footnotes":""},"categories":[9],"tags":[18,10],"class_list":["post-991","post","type-post","status-publish","format-standard","has-post-thumbnail","hentry","category-destaque","tag-governo-do-ceara","tag-prefeitura-de-fortaleza"],"_links":{"self":[{"href":"https:\/\/panoramace.com.br\/index.php?rest_route=\/wp\/v2\/posts\/991","targetHints":{"allow":["GET"]}}],"collection":[{"href":"https:\/\/panoramace.com.br\/index.php?rest_route=\/wp\/v2\/posts"}],"about":[{"href":"https:\/\/panoramace.com.br\/index.php?rest_route=\/wp\/v2\/types\/post"}],"author":[{"embeddable":true,"href":"https:\/\/panoramace.com.br\/index.php?rest_route=\/wp\/v2\/users\/3"}],"replies":[{"embeddable":true,"href":"https:\/\/panoramace.com.br\/index.php?rest_route=%2Fwp%2Fv2%2Fcomments&post=991"}],"version-history":[{"count":1,"href":"https:\/\/panoramace.com.br\/index.php?rest_route=\/wp\/v2\/posts\/991\/revisions"}],"predecessor-version":[{"id":993,"href":"https:\/\/panoramace.com.br\/index.php?rest_route=\/wp\/v2\/posts\/991\/revisions\/993"}],"wp:featuredmedia":[{"embeddable":true,"href":"https:\/\/panoramace.com.br\/index.php?rest_route=\/wp\/v2\/media\/992"}],"wp:attachment":[{"href":"https:\/\/panoramace.com.br\/index.php?rest_route=%2Fwp%2Fv2%2Fmedia&parent=991"}],"wp:term":[{"taxonomy":"category","embeddable":true,"href":"https:\/\/panoramace.com.br\/index.php?rest_route=%2Fwp%2Fv2%2Fcategories&post=991"},{"taxonomy":"post_tag","embeddable":true,"href":"https:\/\/panoramace.com.br\/index.php?rest_route=%2Fwp%2Fv2%2Ftags&post=991"}],"curies":[{"name":"wp","href":"https:\/\/api.w.org\/{rel}","templated":true}]}}