{"id":994,"date":"2026-06-18T12:54:29","date_gmt":"2026-06-18T12:54:29","guid":{"rendered":"https:\/\/panoramace.com.br\/?p=994"},"modified":"2026-06-27T14:18:50","modified_gmt":"2026-06-27T14:18:50","slug":"voo-fortaleza-lisboa-latam-amplia-frequencias-a-partir-de-novembro-de-2026","status":"publish","type":"post","link":"https:\/\/panoramace.com.br\/?p=994","title":{"rendered":"Voo Fortaleza-Lisboa: LATAM amplia frequ\u00eancias a partir de novembro de 2026"},"content":{"rendered":"\n<p class=\"wp-block-paragraph\">O Governo do Estado do Cear\u00e1 anunciou, em junho de 2026, a amplia\u00e7\u00e3o da rota a\u00e9rea entre <strong>Fortaleza e Lisboa<\/strong>. A partir de novembro de 2026 e at\u00e9 mar\u00e7o de 2027, a rota passar\u00e1 a operar com <strong>cinco frequ\u00eancias semanais<\/strong>, operadas pela <strong>LATAM Airlines<\/strong>.<\/p>\n\n\n\n<p class=\"wp-block-paragraph\">A mudan\u00e7a acrescenta cerca de <strong>3 mil novos assentos<\/strong> no per\u00edodo e refor\u00e7a a posi\u00e7\u00e3o de Fortaleza como um dos principais <strong>hubs internacionais do Nordeste brasileiro<\/strong>.<\/p>\n\n\n\n<hr class=\"wp-block-separator has-alpha-channel-opacity\"\/>\n\n\n\n<h4 class=\"wp-block-heading\">Por que a amplia\u00e7\u00e3o do voo Fortaleza-Lisboa \u00e9 importante?<\/h4>\n\n\n\n<p class=\"wp-block-paragraph\">O refor\u00e7o na malha a\u00e9rea internacional responde ao crescimento consistente do turismo europeu no Brasil. De acordo com dados da <strong>Embratur<\/strong>, o n\u00famero de visitantes europeus cresceu <strong>20% em 2025<\/strong>, atingindo o melhor resultado desde 2014 e consolidando a Europa como um dos principais mercados emissores de turistas para o pa\u00eds.<\/p>\n\n\n\n<p class=\"wp-block-paragraph\">Com cinco voos semanais para Lisboa e uma extensa rede de voos dom\u00e9sticos, <strong>Fortaleza se torna uma porta de entrada estrat\u00e9gica<\/strong> para turistas internacionais que desejam explorar o Nordeste.<\/p>\n\n\n\n<p class=\"wp-block-paragraph\">&#8220;S\u00e3o mais turistas movimentando a economia, gerando mais emprego e renda aos cearenses. Seguimos firmes na luta para ampliar ainda mais o n\u00famero de voos no Cear\u00e1&#8221;, afirmou o governador <strong>Elmano de Freitas<\/strong>.<\/p>\n\n\n\n<hr class=\"wp-block-separator has-alpha-channel-opacity\"\/>\n\n\n\n<h4 class=\"wp-block-heading\">Quais destinos a LATAM conecta a partir de Fortaleza?<\/h4>\n\n\n\n<p class=\"wp-block-paragraph\">Al\u00e9m da rota internacional para Lisboa, a LATAM opera voos dom\u00e9sticos a partir de Fortaleza para diversas cidades, facilitando o acesso de passageiros de toda a regi\u00e3o ao aeroporto:<\/p>\n\n\n\n<ul class=\"wp-block-list\">\n<li>Bel\u00e9m, Bras\u00edlia, Manaus e S\u00e3o Lu\u00eds<\/li>\n\n\n\n<li>Juazeiro do Norte, Natal, Parna\u00edba, Recife e Teresina<\/li>\n\n\n\n<li>Rio de Janeiro (Gale\u00e3o), Salvador e Belo Horizonte (Confins)<\/li>\n\n\n\n<li>S\u00e3o Paulo (Congonhas e Guarulhos)<\/li>\n<\/ul>\n\n\n\n<p class=\"wp-block-paragraph\">Essa rede dom\u00e9stica de alimenta\u00e7\u00e3o refor\u00e7a a relev\u00e2ncia estrat\u00e9gica de Fortaleza na malha da companhia.<\/p>\n\n\n\n<hr class=\"wp-block-separator has-alpha-channel-opacity\"\/>\n\n\n\n<h4 class=\"wp-block-heading\">Quando come\u00e7am os novos voos Fortaleza-Lisboa?<\/h4>\n\n\n\n<p class=\"wp-block-paragraph\">Os voos com cinco frequ\u00eancias semanais t\u00eam in\u00edcio previsto para <strong>novembro de 2026<\/strong>, com opera\u00e7\u00e3o estendida at\u00e9 <strong>mar\u00e7o de 2027<\/strong>, per\u00edodo que abrange o ver\u00e3o europeu no hemisf\u00e9rio norte e a alta temporada tur\u00edstica no Brasil.<\/p>\n\n\n\n<hr class=\"wp-block-separator has-alpha-channel-opacity\"\/>\n\n\n\n<h4 class=\"wp-block-heading\">Perguntas frequentes sobre o voo Fortaleza-Lisboa<\/h4>\n\n\n\n<p class=\"wp-block-paragraph\"><strong>Quantas vezes por semana haver\u00e1 voo de Fortaleza para Lisboa?<\/strong><br>A partir de novembro de 2026, ser\u00e3o <strong>cinco voos por semana<\/strong>, operados pela LATAM.<\/p>\n\n\n\n<p class=\"wp-block-paragraph\"><strong>Qual companhia opera o voo Fortaleza-Lisboa?<\/strong><br>A rota \u00e9 operada pela <strong>LATAM Airlines<\/strong>.<\/p>\n\n\n\n<p class=\"wp-block-paragraph\"><strong>O aumento de voos vai impactar o turismo no Cear\u00e1?<\/strong><br>Sim. A amplia\u00e7\u00e3o adiciona cerca de 3 mil assentos no per\u00edodo e deve atrair mais turistas europeus para o Cear\u00e1 e o Nordeste.<\/p>\n","protected":false},"excerpt":{"rendered":"<p>O Governo do Estado do Cear\u00e1 anunciou, em junho de 2026, a amplia\u00e7\u00e3o da rota a\u00e9rea entre Fortaleza e Lisboa. A partir de novembro de 2026 e at\u00e9 mar\u00e7o de&hellip;<\/p>\n","protected":false},"author":3,"featured_media":995,"comment_status":"open","ping_status":"open","sticky":false,"template":"","format":"standard","meta":{"footnotes":""},"categories":[9],"tags":[26,10],"class_list":["post-994","post","type-post","status-publish","format-standard","has-post-thumbnail","hentry","category-destaque","tag-governo-federal","tag-prefeitura-de-fortaleza"],"_links":{"self":[{"href":"https:\/\/panoramace.com.br\/index.php?rest_route=\/wp\/v2\/posts\/994","targetHints":{"allow":["GET"]}}],"collection":[{"href":"https:\/\/panoramace.com.br\/index.php?rest_route=\/wp\/v2\/posts"}],"about":[{"href":"https:\/\/panoramace.com.br\/index.php?rest_route=\/wp\/v2\/types\/post"}],"author":[{"embeddable":true,"href":"https:\/\/panoramace.com.br\/index.php?rest_route=\/wp\/v2\/users\/3"}],"replies":[{"embeddable":true,"href":"https:\/\/panoramace.com.br\/index.php?rest_route=%2Fwp%2Fv2%2Fcomments&post=994"}],"version-history":[{"count":1,"href":"https:\/\/panoramace.com.br\/index.php?rest_route=\/wp\/v2\/posts\/994\/revisions"}],"predecessor-version":[{"id":996,"href":"https:\/\/panoramace.com.br\/index.php?rest_route=\/wp\/v2\/posts\/994\/revisions\/996"}],"wp:featuredmedia":[{"embeddable":true,"href":"https:\/\/panoramace.com.br\/index.php?rest_route=\/wp\/v2\/media\/995"}],"wp:attachment":[{"href":"https:\/\/panoramace.com.br\/index.php?rest_route=%2Fwp%2Fv2%2Fmedia&parent=994"}],"wp:term":[{"taxonomy":"category","embeddable":true,"href":"https:\/\/panoramace.com.br\/index.php?rest_route=%2Fwp%2Fv2%2Fcategories&post=994"},{"taxonomy":"post_tag","embeddable":true,"href":"https:\/\/panoramace.com.br\/index.php?rest_route=%2Fwp%2Fv2%2Ftags&post=994"}],"curies":[{"name":"wp","href":"https:\/\/api.w.org\/{rel}","templated":true}]}}